{"id":426,"date":"2018-12-14T01:01:00","date_gmt":"2018-12-14T03:01:00","guid":{"rendered":"http:\/\/blogdoedvaldomagalhaes.com.br\/index.php\/2018\/12\/14\/pernambuco-chega-ao-15-mes-de-reducao\/"},"modified":"2019-02-09T02:46:02","modified_gmt":"2019-02-09T04:46:02","slug":"pernambuco-chega-ao-15-mes-de-reducao","status":"publish","type":"post","link":"https:\/\/blogdoedvaldomagalhaes.com.br\/index.php\/2018\/12\/14\/pernambuco-chega-ao-15-mes-de-reducao\/","title":{"rendered":"Pernambuco chega ao 15\u00b0 m\u00eas de redu\u00e7\u00e3o de roubos, segundo a SDS"},"content":{"rendered":"<div class=\"separator\" style=\"clear: both; text-align: center;\">\n<a href=\"https:\/\/2.bp.blogspot.com\/-ClMsAlc9GXU\/XBMAckGiXcI\/AAAAAAAA_us\/dCdsuQ6a18IeZbEmW5jIiMI_-5Q1YHrxwCLcBGAs\/s1600\/IMG-20181213-WA0300.jpg\" imageanchor=\"1\" style=\"margin-left: 1em; margin-right: 1em;\"><img loading=\"lazy\" decoding=\"async\" border=\"0\" data-original-height=\"548\" data-original-width=\"1032\" height=\"338\" src=\"http:\/\/blogdoedvaldomagalhaes.com.br\/wp-content\/uploads\/2018\/12\/IMG-20181213-WA0300.jpg\" width=\"640\" \/><\/a><\/div>\n<div style=\"text-align: justify;\">\n<\/div>\n<div style=\"text-align: justify;\">\nA curva de Crimes Violentos contra o Patrim\u00f4nio (CVPs) prossegue em queda pelo 15\u00ba m\u00eas seguido em Pernambuco, na compara\u00e7\u00e3o com o m\u00eas equivalente do ano anterior. Novembro de 2018 teve 11,55% roubos a menos do que o m\u00eas correspondente em 2017 &nbsp;\u2013 &nbsp; na compara\u00e7\u00e3o em n\u00fameros absolutos, 968 crimes desse tipo deixaram de ocorrer, saindo de 8.383 registros para 7.415.<\/div>\n<div style=\"text-align: justify;\">\n<\/div>\n<div style=\"text-align: justify;\">\nSomando-se os 11 meses de 2018, j\u00e1 com dados consolidados, a redu\u00e7\u00e3o alcan\u00e7a um patamar ainda mais expressivo: -22,2%, ou 24.957 queixas de roubos a menos em todo o Estado. De janeiro a novembro de 2017, haviam chegado \u00e0 pol\u00edcia 112.444 queixas de assaltos, n\u00famero que caiu para 87.487 no per\u00edodo equivalente de 2018.<\/div>\n<div style=\"text-align: justify;\">\n<\/div>\n<div style=\"text-align: justify;\">\nQuatro \u00c1reas Integradas de Seguran\u00e7a (AIS) obtiveram, em novembro passado, seu menor resultado mensal em quase tr\u00eas anos. Na AIS 26 (Petrolina), as 146 queixas de roubo constitu\u00edram o n\u00famero mais baixo dos \u00faltimos 38 meses, enquanto a AIS 22, a qual tem como polo o munic\u00edpio de Floresta, os 14 casos representam o menor quantitativo em 35 meses, acima somente de dezembro de 2015. A AIS 6, que engloba os munic\u00edpios de Jaboat\u00e3o dos Guararapes e Moreno, atingiu o menor patamar desde dezembro de 2015, com 607 ocorr\u00eancias. Finalmente, a AIS 19, com sede em Arcoverde, no Sert\u00e3o, computou 36 CVPs, superior apenas a janeiro de 2016.<\/div>\n<div style=\"text-align: justify;\">\n<\/div>\n<div style=\"text-align: justify;\">\n&#8220;Pernambuco est\u00e1 vivenciando uma longa sequ\u00eancia na redu\u00e7\u00e3o da criminalidade em seu territ\u00f3rio. Mas sabemos que temos muito ainda por fazer. Por isso, n\u00e3o celebraremos tampouco haver\u00e1 desacelera\u00e7\u00e3o desse trabalho, coordenado pelo governador Paulo C\u00e2mara e executado com dedica\u00e7\u00e3o, integra\u00e7\u00e3o, t\u00e9cnica e planejamento por todos os que comp\u00f5em o Pacto pela Vida&#8221;, diz o secret\u00e1rio de Defesa Social, Antonio de P\u00e1dua.<\/div>\n<div style=\"text-align: justify;\">\n<\/div>\n<div style=\"text-align: justify;\">\n*REDU\u00c7\u00c3O EM TODAS AS REGI\u00d5ES \u2013* Essa conten\u00e7\u00e3o dos CVPs vem sendo observada em todas as regi\u00f5es do Estado. Com destaque para o Sert\u00e3o, que em novembro deste ano apresentou a maior redu\u00e7\u00e3o em rela\u00e7\u00e3o a novembro de 2017 (-39,43%), saindo de 525 casos de roubo para 318. Para o Agreste, o percentual de queda foi de 19,76% (de 1.483 para 1.190), seguido da Regi\u00e3o Metropolitana (exceto a capital), com -14,95%, diminuindo de 2.542 para 2.162 ocorr\u00eancias. Na Zona da Mata, os roubos baixaram em 12,83%, de 1.130 para 985 ocorr\u00eancias.<\/div>\n<div style=\"text-align: justify;\">\n<\/div>\n<div style=\"text-align: justify;\">\nDados acumulados de janeiro a novembro demonstram que o Agreste foi a regi\u00e3o que mais \u00eaxito teve no combate aos CVPs no per\u00edodo: -26,45% quando se comparam esses 11 meses neste ano com os do ano anterior. As ocorr\u00eancias diminu\u00edram de 20.551 para 15.115, isto \u00e9, uma diferen\u00e7a de 5.436. A RMR (salvo a capital) atingiu o segundo melhor desempenho, com -22,85% (de 33.777 para 26.060), e o Sert\u00e3o reduziu o \u00edndice em 19,58%, saindo de 6.073 para 4.884 queixas. Por fim, na Zona da Mata os casos de roubo baixaram de 13.667 para 11.170 (-18,27%).<\/div>\n<div style=\"text-align: justify;\">\n<\/div>\n<div style=\"text-align: justify;\">\n*MENOS 11 MIL CELULARES ROUBADOS \u2013* As den\u00fancias de roubo de celular diminu\u00edram em um quarto entre janeiro e novembro de 2018, no comparativo com 2017. Foram menos 11.745 aparelhos subtra\u00eddos de maneira violenta nesse intervalo este ano, que totalizou 33.241 registros de telefones m\u00f3veis roubados. A queda \u00e9 de 26%. Quando considerado o m\u00eas de novembro isoladamente, houve diminui\u00e7\u00e3o de 8%, passando de 3.111 para 2.850 roubos dessa modalidade.<\/div>\n<div style=\"text-align: justify;\">\n<\/div>\n<div style=\"text-align: justify;\">\nAo mesmo tempo, as pol\u00edcias de Pernambuco v\u00eam aumentando a recupera\u00e7\u00e3o de celulares roubados, desde a implanta\u00e7\u00e3o do programa Alerta Celular. Criado em mar\u00e7o de 2017, o sistema de cadastro do IMEI de telefones permitiu que as pol\u00edcias identificassem 5.848 celulares com registro de roubo desde ent\u00e3o. Somente em novembro deste ano, foi poss\u00edvel reaver 577, uma cifra 351% maior do que nesse m\u00eas em 2017. Comparando o per\u00edodo de mar\u00e7o a novembro de 2017 com 2018, o aumento na recupera\u00e7\u00e3o \u00e9 de 455%.<\/div>\n<div style=\"text-align: justify;\">\n<\/div>\n<div style=\"text-align: justify;\">\n*ROUBO DE VE\u00cdCULOS EM QUEDA \u2013* Outro tipo de CVP cujas taxas est\u00e3o em queda \u00e9 o roubo de ve\u00edculos. De janeiro a novembro deste ano, 14.352 casos foram reportados \u00e0 pol\u00edcia, contra 18.304 em 2017. Em n\u00fameros absolutos, s\u00e3o 3.952 ve\u00edculos cuja subtra\u00e7\u00e3o se evitou, o que representa -21,59%. Somente em novembro, a redu\u00e7\u00e3o chegou a 15,97% (de 1.403 para 1.179).<\/div>\n<div style=\"text-align: justify;\">\n<\/div>\n<div style=\"text-align: justify;\">\n*PRESOS 254 ASSALTANTES DE \u00d4NIBUS \u2013* O trabalho da For\u00e7a-Tarefa Coletivos contribuiu para a pris\u00e3o de 254 acusados de praticar roubos no transporte coletivo entre janeiro e novembro deste ano. Com isso, chegou-se a uma redu\u00e7\u00e3o de 36% nas notifica\u00e7\u00f5es desse tipo de CVP em Pernambuco &#8211; 852 ocorr\u00eancias, contra 1.328 no mesmo per\u00edodo de 2017.<\/div>\n<div style=\"text-align: justify;\">\n<\/div>\n<div style=\"text-align: justify;\">\n*CRIMES CONTRA INSTITUI\u00c7\u00d5ES FINANCEIRAS DIMINUEM \u2013* Este ano, os roubos contra ag\u00eancias banc\u00e1rias, caixas eletr\u00f4nicos e ve\u00edculos de transporte de valores baixaram em 24%. Entre janeiro e novembro de 2018, ocorreram 65 roubos e furtos que tinham esses alvos, 21 a menos do que nos meses correspondentes do ano anterior.<\/div>\n<div style=\"text-align: justify;\">\n<\/div>\n<div style=\"text-align: justify;\">\n*OPERA\u00c7\u00d5ES DE CONTROLE DE CVP T\u00caM \u00caXITO \u2013* Com o objetivo de reduzir os crimes contra o patrim\u00f4nio na regi\u00e3o de uma das avenidas mais movimentadas do Recife, a Opera\u00e7\u00e3o Agamenon Magalh\u00e3es chegou a novembro de 2018 alcan\u00e7ando uma diminui\u00e7\u00e3o de 39%. Se em 2017 haviam acontecido 911 roubos na \u00e1rea, este ano foram 556. Igualmente, a Opera\u00e7\u00e3o Boa Viagem resultou em uma redu\u00e7\u00e3o de 4.275 para 3.071 ocorr\u00eancias (-28,1%). J\u00e1 a Opera\u00e7\u00e3o Cerne, que abrange o Centro da capital, finalizou esses 11 meses com -20% (de 4.458 para 3.566).<\/div>\n<div style=\"text-align: justify;\">\n<\/div>\n<div style=\"text-align: justify;\">\nEssas opera\u00e7\u00f5es de repress\u00e3o qualificada favoreceram o refreamento dos \u00edndices de CVP no Recife este ano. Nesses 11 meses, a capital pernambucana teve 30.258 ocorr\u00eancias, 8.118 roubos a menos do que no mesmo intervalo de 2017. A diferen\u00e7a \u00e9 de -21,15%. No entanto, na compara\u00e7\u00e3o apenas do m\u00eas de novembro houve discreto aumento de 2,11% (de 2.703 para 2.760).<\/div>\n<div style=\"text-align: justify;\">\n<\/div>\n<div style=\"text-align: justify;\">\n*PRODUTIVIDADE POLICIAL \u2013* As pol\u00edcias de Pernambuco detiveram, de janeiro a novembro, 40.246 pessoas, 76% delas em flagrante delito. Nesse per\u00edodo, tamb\u00e9m foram apreendidas 6.273 armas, das quais 608 em novembro, segunda maior marca do ano &#8211; atr\u00e1s de agosto, com 630.<\/div>\n<div style=\"text-align: justify;\">\n<\/div>\n<div style=\"text-align: justify;\">\nInforma\u00e7\u00f5es: Secretaria de Defesa Social &#8211; SDS.<\/div>\n<div style=\"text-align: justify;\">\n<\/div>\n","protected":false},"excerpt":{"rendered":"<p>A curva de Crimes Violentos contra o Patrim\u00f4nio (CVPs) prossegue em queda pelo 15\u00ba m\u00eas seguido em Pernambuco, na compara\u00e7\u00e3o&hellip;<\/p>\n","protected":false},"author":1,"featured_media":0,"comment_status":"open","ping_status":"open","sticky":false,"template":"","format":"standard","meta":{"footnotes":""},"categories":[1],"tags":[2,13],"class_list":["post-426","post","type-post","status-publish","format-standard","hentry","category-sem-categoria","tag-blog-do-edvaldo-magalhaes","tag-policial"],"_links":{"self":[{"href":"https:\/\/blogdoedvaldomagalhaes.com.br\/index.php\/wp-json\/wp\/v2\/posts\/426","targetHints":{"allow":["GET"]}}],"collection":[{"href":"https:\/\/blogdoedvaldomagalhaes.com.br\/index.php\/wp-json\/wp\/v2\/posts"}],"about":[{"href":"https:\/\/blogdoedvaldomagalhaes.com.br\/index.php\/wp-json\/wp\/v2\/types\/post"}],"author":[{"embeddable":true,"href":"https:\/\/blogdoedvaldomagalhaes.com.br\/index.php\/wp-json\/wp\/v2\/users\/1"}],"replies":[{"embeddable":true,"href":"https:\/\/blogdoedvaldomagalhaes.com.br\/index.php\/wp-json\/wp\/v2\/comments?post=426"}],"version-history":[{"count":1,"href":"https:\/\/blogdoedvaldomagalhaes.com.br\/index.php\/wp-json\/wp\/v2\/posts\/426\/revisions"}],"predecessor-version":[{"id":36812,"href":"https:\/\/blogdoedvaldomagalhaes.com.br\/index.php\/wp-json\/wp\/v2\/posts\/426\/revisions\/36812"}],"wp:attachment":[{"href":"https:\/\/blogdoedvaldomagalhaes.com.br\/index.php\/wp-json\/wp\/v2\/media?parent=426"}],"wp:term":[{"taxonomy":"category","embeddable":true,"href":"https:\/\/blogdoedvaldomagalhaes.com.br\/index.php\/wp-json\/wp\/v2\/categories?post=426"},{"taxonomy":"post_tag","embeddable":true,"href":"https:\/\/blogdoedvaldomagalhaes.com.br\/index.php\/wp-json\/wp\/v2\/tags?post=426"}],"curies":[{"name":"wp","href":"https:\/\/api.w.org\/{rel}","templated":true}]}}