{"id":4259,"date":"2017-10-24T19:54:00","date_gmt":"2017-10-24T21:54:00","guid":{"rendered":"http:\/\/blogdoedvaldomagalhaes.com.br\/index.php\/2017\/10\/24\/audiencia-contra-privatizacao-da-chesf\/"},"modified":"2019-02-09T01:49:15","modified_gmt":"2019-02-09T03:49:15","slug":"audiencia-contra-privatizacao-da-chesf","status":"publish","type":"post","link":"https:\/\/blogdoedvaldomagalhaes.com.br\/index.php\/2017\/10\/24\/audiencia-contra-privatizacao-da-chesf\/","title":{"rendered":"Audi\u00eancia contra a Privatiza\u00e7\u00e3o da Chesf ser\u00e1 realiza pela C\u00e2mara Municipal de Caruaru"},"content":{"rendered":"<div class=\"separator\" style=\"clear: both; text-align: center;\">\n<a href=\"https:\/\/1.bp.blogspot.com\/-dktzB8oHHf0\/We-aNQK-LvI\/AAAAAAAAiRM\/Xe6nteNzmO0aMdol4WkLguFNGmseo4NSgCLcBGAs\/s1600\/1.jpg\" imageanchor=\"1\" style=\"margin-left: 1em; margin-right: 1em;\"><img loading=\"lazy\" decoding=\"async\" border=\"0\" data-original-height=\"1126\" data-original-width=\"1600\" height=\"281\" src=\"http:\/\/blogdoedvaldomagalhaes.com.br\/wp-content\/uploads\/2017\/10\/1-11.jpg\" width=\"400\" \/><\/a><\/div>\n<div class=\"separator\" style=\"clear: both; text-align: center;\">\nFoto: Vladimir Barreto Rodrigues<\/div>\n<div class=\"MsoNormal\" style=\"line-height: 19.2px; text-align: justify;\">\n<\/div>\n<div class=\"MsoNormal\" style=\"line-height: 19.2px; text-align: justify;\">\nDiante<br \/>\n da possibilidade de privatiza\u00e7\u00e3o da Companhia Hidrel\u00e9tica do S\u00e3o<br \/>\nFrancisco (Chesf), anunciada pelo Governo Federal, a C\u00e2mara de Caruaru,<br \/>\natrav\u00e9s de requerimento apresentado pelo vereador Marcelo Gomes (PSB),<br \/>\nrealizar\u00e1 uma&nbsp; Audi\u00eancia P\u00fablica com a participa\u00e7\u00e3o da Frente<br \/>\nParlamentar da Assembleia Legislativa (Alepe), na pr\u00f3xima segunda-feira<br \/>\n(30), \u00e0s 10h, &nbsp;para discutir o assunto.<\/div>\n<div class=\"MsoNormal\" style=\"line-height: 19.2px; text-align: justify;\">\n<\/div>\n<div class=\"MsoNormal\" style=\"line-height: 19.2px; text-align: justify;\">\nPara o vereador, \u00e9 importante que a popula\u00e7\u00e3o tamb\u00e9m participe das<br \/>\ndiscuss\u00f5es sobre o tema da privatiza\u00e7\u00e3o desta valiosa empresa do<br \/>\nNordeste. \u201cA<br \/>\n privatiza\u00e7\u00e3o da&nbsp;CHESF&nbsp;envolve a popula\u00e7\u00e3o da nossa regi\u00e3o tanto pelo<br \/>\nlado da produ\u00e7\u00e3o de energia el\u00e9trica como na entrega das \u00e1guas do Rio<br \/>\nS\u00e3o Francisco a grupos privados. \u00c9 preciso debater o assunto para tomar<br \/>\numa posi\u00e7\u00e3o bem fundamentada\u201d, afirmou.<\/div>\n<div class=\"MsoNormal\" style=\"line-height: 19.2px; text-align: justify;\">\n<\/div>\n<div class=\"MsoNormal\" style=\"line-height: 19.2px; text-align: justify;\">\nDe<br \/>\n acordo com Marcelo Gomes, \u00e9 importante trazer o debate para que todos<br \/>\nsaibam o quanto pode custar essa privatiza\u00e7\u00e3o. \u201cAl\u00e9m disso, o pr\u00f3prio<br \/>\ngoverno admite a possibilidade de aumento nos valores cobrados nas<br \/>\ncontas de luz.&nbsp; A privatiza\u00e7\u00e3o n\u00e3o resolver\u00e1 o problema das contas<br \/>\np\u00fablicas\u201d, concluiu.<\/div>\n<div class=\"MsoNormal\" style=\"font-size: 12.8px; line-height: 19.2px; text-align: justify;\">\n<\/div>\n<div class=\"MsoNormal\" style=\"font-size: 12.8px; line-height: 19.2px; text-align: justify;\">\n<\/div>\n","protected":false},"excerpt":{"rendered":"<p>Foto: Vladimir Barreto Rodrigues Diante da possibilidade de privatiza\u00e7\u00e3o da Companhia Hidrel\u00e9tica do S\u00e3o Francisco (Chesf), anunciada pelo Governo Federal,&hellip;<\/p>\n","protected":false},"author":1,"featured_media":0,"comment_status":"open","ping_status":"open","sticky":false,"template":"","format":"standard","meta":{"footnotes":""},"categories":[1],"tags":[5260,2,379,5261,20,381],"class_list":["post-4259","post","type-post","status-publish","format-standard","hentry","category-sem-categoria","tag-audiencia-contra-a-privatizacao-da-chesf-sera-realiza-pela-camara-municipal-de-caruaru","tag-blog-do-edvaldo-magalhaes","tag-marcelo-gomes","tag-noticia-da-politica-de-caruaru","tag-politica","tag-psb"],"_links":{"self":[{"href":"https:\/\/blogdoedvaldomagalhaes.com.br\/index.php\/wp-json\/wp\/v2\/posts\/4259","targetHints":{"allow":["GET"]}}],"collection":[{"href":"https:\/\/blogdoedvaldomagalhaes.com.br\/index.php\/wp-json\/wp\/v2\/posts"}],"about":[{"href":"https:\/\/blogdoedvaldomagalhaes.com.br\/index.php\/wp-json\/wp\/v2\/types\/post"}],"author":[{"embeddable":true,"href":"https:\/\/blogdoedvaldomagalhaes.com.br\/index.php\/wp-json\/wp\/v2\/users\/1"}],"replies":[{"embeddable":true,"href":"https:\/\/blogdoedvaldomagalhaes.com.br\/index.php\/wp-json\/wp\/v2\/comments?post=4259"}],"version-history":[{"count":1,"href":"https:\/\/blogdoedvaldomagalhaes.com.br\/index.php\/wp-json\/wp\/v2\/posts\/4259\/revisions"}],"predecessor-version":[{"id":25439,"href":"https:\/\/blogdoedvaldomagalhaes.com.br\/index.php\/wp-json\/wp\/v2\/posts\/4259\/revisions\/25439"}],"wp:attachment":[{"href":"https:\/\/blogdoedvaldomagalhaes.com.br\/index.php\/wp-json\/wp\/v2\/media?parent=4259"}],"wp:term":[{"taxonomy":"category","embeddable":true,"href":"https:\/\/blogdoedvaldomagalhaes.com.br\/index.php\/wp-json\/wp\/v2\/categories?post=4259"},{"taxonomy":"post_tag","embeddable":true,"href":"https:\/\/blogdoedvaldomagalhaes.com.br\/index.php\/wp-json\/wp\/v2\/tags?post=4259"}],"curies":[{"name":"wp","href":"https:\/\/api.w.org\/{rel}","templated":true}]}}