{"id":425,"date":"2018-12-14T02:19:00","date_gmt":"2018-12-14T04:19:00","guid":{"rendered":"http:\/\/blogdoedvaldomagalhaes.com.br\/index.php\/2018\/12\/14\/confira-programacao-do-caruaru-terra\/"},"modified":"2019-02-09T02:46:04","modified_gmt":"2019-02-09T04:46:04","slug":"confira-programacao-do-caruaru-terra","status":"publish","type":"post","link":"https:\/\/blogdoedvaldomagalhaes.com.br\/index.php\/2018\/12\/14\/confira-programacao-do-caruaru-terra\/","title":{"rendered":"Confira a programa\u00e7\u00e3o do &#8220;Caruaru Terra Natal&#8221; neste fim de semana"},"content":{"rendered":"<div style=\"text-align: justify;\">\n<\/div>\n<div class=\"separator\" style=\"clear: both; text-align: center;\">\n<a href=\"https:\/\/3.bp.blogspot.com\/-QbHkTAQolIk\/XBMR-NIwW5I\/AAAAAAAA_u0\/cK6KqOPywN0RbZBcBB1c12PDmzoOIIE6QCLcBGAs\/s1600\/IMG-20181213-WA0424.jpg\" imageanchor=\"1\" style=\"margin-left: 1em; margin-right: 1em;\"><img loading=\"lazy\" decoding=\"async\" border=\"0\" data-original-height=\"427\" data-original-width=\"640\" height=\"426\" src=\"http:\/\/blogdoedvaldomagalhaes.com.br\/wp-content\/uploads\/2018\/12\/IMG-20181213-WA0424.jpg\" width=\"640\" \/><\/a><\/div>\n<div class=\"separator\" style=\"clear: both; text-align: center;\">\nFotos: Jorge Farias\/Divulga\u00e7\u00e3o&nbsp;<\/div>\n<div style=\"text-align: justify;\">\n<\/div>\n<div style=\"text-align: justify;\">\nA Prefeitura de Caruaru, atrav\u00e9s da Funda\u00e7\u00e3o de Cultura e Turismo (FCTC), d\u00e1 continuidade \u00e0 programa\u00e7\u00e3o do \u201cCaruaru Terra Natal 2018\u201d, com tema Brincantes da Nossa Terra Natal, neste fim de semana.<\/div>\n<div style=\"text-align: justify;\">\n<\/div>\n<div class=\"separator\" style=\"clear: both; text-align: center;\">\n<a href=\"https:\/\/2.bp.blogspot.com\/-eMAkmFKxbKA\/XBMSOlEVWfI\/AAAAAAAA_u8\/IMZ2d05hsFEYUagPEhbmtkUNjsPy1xnSgCLcBGAs\/s1600\/IMG-20181213-WA0432.jpg\" imageanchor=\"1\" style=\"margin-left: 1em; margin-right: 1em;\"><img loading=\"lazy\" decoding=\"async\" border=\"0\" data-original-height=\"427\" data-original-width=\"640\" height=\"426\" src=\"http:\/\/blogdoedvaldomagalhaes.com.br\/wp-content\/uploads\/2018\/12\/IMG-20181213-WA0432.jpg\" width=\"640\" \/><\/a><\/div>\n<div style=\"text-align: justify;\">\n<\/div>\n<div style=\"text-align: justify;\">\nNesta-sexta (14), \u00e0s 19h30, o Alto do Moura recebe a Seresta Natalina Barro\/Luz, com a participa\u00e7\u00e3o da Banda de P\u00edfano Nossa Senhora das Gra\u00e7as, Ivan Show, Vit\u00f3ria Violino, poetas nativos, Grupo Terceira Idade e outros. O ponto de sa\u00edda ser\u00e1 a Pra\u00e7a do Artes\u00e3o, avan\u00e7ando pela ladeira principal. No percurso, uma parada em frente \u00e0 Casa-Museu de Mestre Vitalino, onde est\u00e1 exposto o \u201cNatal das Flores\u201d, do Grupo Flor de Barro, composto por 17 mulheres artes\u00e3s do Alto do Moura; e outra parada em frente \u00e0 Associa\u00e7\u00e3o dos Artes\u00e3os em Barro e Moradores do Alto do Moura (ABMAM), onde mais uma exposi\u00e7\u00e3o com artes\u00e3os do local, denominada de Natal Iluminado, tamb\u00e9m est\u00e1 ocorrendo.<\/div>\n<div style=\"text-align: justify;\">\n<\/div>\n<div class=\"separator\" style=\"clear: both; text-align: center;\">\n<a href=\"https:\/\/3.bp.blogspot.com\/-uB6xkwUZ2oo\/XBMSbmBL6kI\/AAAAAAAA_vA\/LAy47a9Uyc4agtt9-CTwjMBFIbYh19IOwCLcBGAs\/s1600\/IMG-20181213-WA0421.jpg\" imageanchor=\"1\" style=\"margin-left: 1em; margin-right: 1em;\"><img loading=\"lazy\" decoding=\"async\" border=\"0\" data-original-height=\"427\" data-original-width=\"640\" height=\"426\" src=\"http:\/\/blogdoedvaldomagalhaes.com.br\/wp-content\/uploads\/2018\/12\/IMG-20181213-WA0421.jpg\" width=\"640\" \/><\/a><\/div>\n<div style=\"text-align: justify;\">\n<\/div>\n<div style=\"text-align: justify;\">\nNo domingo (16), \u00e0s 17h, na Esta\u00e7\u00e3o Ferrovi\u00e1ria, ser\u00e1 a vez do Natal Especial Mamuseb\u00e1. Um espet\u00e1culo inesquec\u00edvel com a chegada do Papai e da Mam\u00e3e Noel, muita m\u00fasica e poesia com as bonecas Chiquinha e Luluca, a bailarina Mari\u00e1 e Benedito e, ainda, uma cantata natalina com o pastoril. J\u00e1 \u00e0s 19h, no Pal\u00e1cio Episcopal, na Av. Rio Branco, ocorre a tradicional Cantata Natalina, que contar\u00e1 com uma banda base, seis solistas e dois corais com interven\u00e7\u00f5es coreogr\u00e1ficas nas janelas do pal\u00e1cio. Participam do musical de Natal o Coral do Col\u00e9gio Diocesano, o tenor Elias de Oliveira, os cantores Lindenberg Roseno ,Erisson Porto, Marcelo Briane; e as cantoras Thayze Luck, Rosimar Lemos e Adriana Sales. O espet\u00e1culo tem dire\u00e7\u00e3o musical do Maestro Mozart Vieira e coreografias do bailarino Marcos Mercury.<\/div>\n<div style=\"text-align: justify;\">\n<\/div>\n<div class=\"separator\" style=\"clear: both; text-align: center;\">\n<a href=\"https:\/\/1.bp.blogspot.com\/-ujX0N1fA8y4\/XBMSsE-xNdI\/AAAAAAAA_vI\/zvGdQ4Aa6lEzm9mW8a0H1ktvgsQkzwAZgCLcBGAs\/s1600\/IMG-20181213-WA0427.jpg\" imageanchor=\"1\" style=\"margin-left: 1em; margin-right: 1em;\"><img loading=\"lazy\" decoding=\"async\" border=\"0\" data-original-height=\"853\" data-original-width=\"1280\" height=\"426\" src=\"http:\/\/blogdoedvaldomagalhaes.com.br\/wp-content\/uploads\/2018\/12\/IMG-20181213-WA0427.jpg\" width=\"640\" \/><\/a><\/div>\n<div style=\"text-align: justify;\">\n<\/div>\n<div style=\"text-align: justify;\">\nA partir deste domingo (16), a Pra\u00e7a do Ros\u00e1rio vai receber uma bandinha natalina, com apresenta\u00e7\u00f5es das 17h \u00e0s 19h.<\/div>\n<div style=\"text-align: justify;\">\n<\/div>\n<div class=\"separator\" style=\"clear: both; text-align: center;\">\n<a href=\"https:\/\/4.bp.blogspot.com\/-t1T6w93X9Oo\/XBMS4r16_SI\/AAAAAAAA_vM\/o3vM2nQJnH48tbKPDkGVI7mZKDjUsg8hQCLcBGAs\/s1600\/IMG-20181213-WA0423.jpg\" imageanchor=\"1\" style=\"margin-left: 1em; margin-right: 1em;\"><img loading=\"lazy\" decoding=\"async\" border=\"0\" data-original-height=\"853\" data-original-width=\"1280\" height=\"426\" src=\"http:\/\/blogdoedvaldomagalhaes.com.br\/wp-content\/uploads\/2018\/12\/IMG-20181213-WA0423.jpg\" width=\"640\" \/><\/a><\/div>\n<div style=\"text-align: justify;\">\n<\/div>\n<div style=\"text-align: justify;\">\nDecora\u00e7\u00e3o&nbsp;<\/div>\n<div style=\"text-align: justify;\">\nToda a decora\u00e7\u00e3o tem como base principal as refer\u00eancias crist\u00e3s, mantendo a simbologia do per\u00edodo natalino, mas a isso acrescentando caracter\u00edsticas da nossa regi\u00e3o. As cores e os elementos usados na decora\u00e7\u00e3o est\u00e3o presentes, tamb\u00e9m, nos figurinos dos brincantes, como renda, coxim, gregas, fitas, arabescos dentre outros. \u201cNesse contexto, o nosso Natal \u00e9 cultural. N\u00e3o temos a inten\u00e7\u00e3o de imitar nem fazer um estere\u00f3tipo do Natal europeu. Queremos um Natal com a cara de nosso povo, baseando-se na sua identidade\u201d, complementou a presidente da FCTC, Maria Alves.<\/div>\n<div style=\"text-align: justify;\">\n<\/div>\n<div class=\"separator\" style=\"clear: both; text-align: center;\">\n<a href=\"https:\/\/2.bp.blogspot.com\/-0E4ymmGKZbc\/XBMTMakQWyI\/AAAAAAAA_vY\/RIwtOp24BfUrhMWtlKzLmoWhjn99WwTYgCLcBGAs\/s1600\/IMG-20181213-WA0426.jpg\" imageanchor=\"1\" style=\"margin-left: 1em; margin-right: 1em;\"><img loading=\"lazy\" decoding=\"async\" border=\"0\" data-original-height=\"853\" data-original-width=\"1280\" height=\"426\" src=\"http:\/\/blogdoedvaldomagalhaes.com.br\/wp-content\/uploads\/2018\/12\/IMG-20181213-WA0426.jpg\" width=\"640\" \/><\/a><\/div>\n<div style=\"text-align: justify;\">\n<\/div>\n<div style=\"text-align: justify;\">\nInforma\u00e7\u00f5es: Robson Nielson\/Assessoria de imprensa.<\/div>\n<div style=\"text-align: justify;\">\n<\/div>\n","protected":false},"excerpt":{"rendered":"<p>Fotos: Jorge Farias\/Divulga\u00e7\u00e3o&nbsp; A Prefeitura de Caruaru, atrav\u00e9s da Funda\u00e7\u00e3o de Cultura e Turismo (FCTC), d\u00e1 continuidade \u00e0 programa\u00e7\u00e3o do&hellip;<\/p>\n","protected":false},"author":1,"featured_media":0,"comment_status":"open","ping_status":"open","sticky":false,"template":"","format":"standard","meta":{"footnotes":""},"categories":[1],"tags":[2,6],"class_list":["post-425","post","type-post","status-publish","format-standard","hentry","category-sem-categoria","tag-blog-do-edvaldo-magalhaes","tag-noticias"],"_links":{"self":[{"href":"https:\/\/blogdoedvaldomagalhaes.com.br\/index.php\/wp-json\/wp\/v2\/posts\/425","targetHints":{"allow":["GET"]}}],"collection":[{"href":"https:\/\/blogdoedvaldomagalhaes.com.br\/index.php\/wp-json\/wp\/v2\/posts"}],"about":[{"href":"https:\/\/blogdoedvaldomagalhaes.com.br\/index.php\/wp-json\/wp\/v2\/types\/post"}],"author":[{"embeddable":true,"href":"https:\/\/blogdoedvaldomagalhaes.com.br\/index.php\/wp-json\/wp\/v2\/users\/1"}],"replies":[{"embeddable":true,"href":"https:\/\/blogdoedvaldomagalhaes.com.br\/index.php\/wp-json\/wp\/v2\/comments?post=425"}],"version-history":[{"count":1,"href":"https:\/\/blogdoedvaldomagalhaes.com.br\/index.php\/wp-json\/wp\/v2\/posts\/425\/revisions"}],"predecessor-version":[{"id":36819,"href":"https:\/\/blogdoedvaldomagalhaes.com.br\/index.php\/wp-json\/wp\/v2\/posts\/425\/revisions\/36819"}],"wp:attachment":[{"href":"https:\/\/blogdoedvaldomagalhaes.com.br\/index.php\/wp-json\/wp\/v2\/media?parent=425"}],"wp:term":[{"taxonomy":"category","embeddable":true,"href":"https:\/\/blogdoedvaldomagalhaes.com.br\/index.php\/wp-json\/wp\/v2\/categories?post=425"},{"taxonomy":"post_tag","embeddable":true,"href":"https:\/\/blogdoedvaldomagalhaes.com.br\/index.php\/wp-json\/wp\/v2\/tags?post=425"}],"curies":[{"name":"wp","href":"https:\/\/api.w.org\/{rel}","templated":true}]}}