{"id":424,"date":"2018-12-14T11:26:00","date_gmt":"2018-12-14T13:26:00","guid":{"rendered":"http:\/\/blogdoedvaldomagalhaes.com.br\/index.php\/2018\/12\/14\/policia-civil-realiza-operacao-e\/"},"modified":"2019-02-09T02:46:05","modified_gmt":"2019-02-09T04:46:05","slug":"policia-civil-realiza-operacao-e","status":"publish","type":"post","link":"https:\/\/blogdoedvaldomagalhaes.com.br\/index.php\/2018\/12\/14\/policia-civil-realiza-operacao-e\/","title":{"rendered":"Pol\u00edcia Civil realiza opera\u00e7\u00e3o em Caruaru para prender suspeitos de homic\u00eddios"},"content":{"rendered":"<div class=\"separator\" style=\"clear: both; text-align: center;\">\n<\/div>\n<div class=\"separator\" style=\"clear: both; text-align: center;\">\n<a href=\"https:\/\/1.bp.blogspot.com\/-Is978uyXozo\/XBOerYhV5_I\/AAAAAAAA_vo\/XgNlPLSKPHU7w9rwMFZIt0ghbnxVvaT6gCLcBGAs\/s1600\/IMG-20181214-WA0026.jpg\" imageanchor=\"1\" style=\"margin-left: 1em; margin-right: 1em;\"><img loading=\"lazy\" decoding=\"async\" border=\"0\" data-original-height=\"576\" data-original-width=\"1024\" height=\"360\" src=\"http:\/\/blogdoedvaldomagalhaes.com.br\/wp-content\/uploads\/2018\/12\/IMG-20181214-WA0026.jpg\" width=\"640\" \/><\/a><\/div>\n<p><\/p>\n<div class=\"separator\" style=\"clear: both; text-align: center;\">\n<a href=\"https:\/\/2.bp.blogspot.com\/-4lfz30SIXUI\/XBOetyCWrLI\/AAAAAAAA_vs\/LdbXTCtCTdw6x7SqjT-n0VuTyxXxL-6kQCLcBGAs\/s1600\/IMG-20181214-WA0027.jpg\" imageanchor=\"1\" style=\"margin-left: 1em; margin-right: 1em;\"><img loading=\"lazy\" decoding=\"async\" border=\"0\" data-original-height=\"1024\" data-original-width=\"576\" height=\"640\" src=\"http:\/\/blogdoedvaldomagalhaes.com.br\/wp-content\/uploads\/2018\/12\/IMG-20181214-WA0027.jpg\" width=\"360\" \/><\/a><\/div>\n<p><\/p>\n<div class=\"separator\" style=\"clear: both; text-align: center;\">\n<a href=\"https:\/\/3.bp.blogspot.com\/-3iSwqg2-pq8\/XBOewto_v_I\/AAAAAAAA_vw\/3_YxgyRo3OAcN1z9CL9tZ6el7-bWp4PnwCLcBGAs\/s1600\/IMG-20181214-WA0029.jpg\" imageanchor=\"1\" style=\"margin-left: 1em; margin-right: 1em;\"><img loading=\"lazy\" decoding=\"async\" border=\"0\" data-original-height=\"1024\" data-original-width=\"576\" height=\"640\" src=\"http:\/\/blogdoedvaldomagalhaes.com.br\/wp-content\/uploads\/2018\/12\/IMG-20181214-WA0029.jpg\" width=\"360\" \/><\/a><\/div>\n<p><\/p>\n<div class=\"separator\" style=\"clear: both; text-align: center;\">\n<a href=\"https:\/\/2.bp.blogspot.com\/-z7iaFOSXQ5Q\/XBOe0M3w1QI\/AAAAAAAA_v0\/H5izVfacy3MJJuTtAye31aNNuM-hYOKBACLcBGAs\/s1600\/IMG-20181214-WA0028.jpg\" imageanchor=\"1\" style=\"margin-left: 1em; margin-right: 1em;\"><img loading=\"lazy\" decoding=\"async\" border=\"0\" data-original-height=\"1024\" data-original-width=\"576\" height=\"640\" src=\"http:\/\/blogdoedvaldomagalhaes.com.br\/wp-content\/uploads\/2018\/12\/IMG-20181214-WA0028.jpg\" width=\"360\" \/><\/a><\/div>\n<p><\/p>\n<div class=\"separator\" style=\"clear: both; text-align: center;\">\n<a href=\"https:\/\/4.bp.blogspot.com\/--JGIUcsgXOg\/XBOe4OQlNXI\/AAAAAAAA_v4\/kp6Ea9RHPRcLoEyWTMouZfj4Ll8Ph8VcQCLcBGAs\/s1600\/IMG-20181214-WA0025.jpg\" imageanchor=\"1\" style=\"margin-left: 1em; margin-right: 1em;\"><img loading=\"lazy\" decoding=\"async\" border=\"0\" data-original-height=\"1024\" data-original-width=\"576\" height=\"640\" src=\"http:\/\/blogdoedvaldomagalhaes.com.br\/wp-content\/uploads\/2018\/12\/IMG-20181214-WA0025.jpg\" width=\"360\" \/><\/a><\/div>\n<div class=\"separator\" style=\"clear: both; text-align: center;\">\nMaterial apreendido pela pol\u00edcia&nbsp;<\/div>\n<div style=\"background-color: white; box-sizing: border-box; font-family: Lato, sans-serif; font-size: 13px; line-height: 23px; margin-bottom: 10px; text-align: justify;\">\n<\/div>\n<div style=\"background-color: white; box-sizing: border-box; font-family: Lato, sans-serif; font-size: 13px; line-height: 23px; margin-bottom: 10px; text-align: justify;\">\nA Pol\u00edcia Civil desencadeou na manh\u00e3 desta sexta-feira (14), em Caruaru, uma Opera\u00e7\u00e3o de Repress\u00e3o Qualificada denominada de \u201cEspartanos\u201d. O objetivo \u00e9 prender integrantes de uma associa\u00e7\u00e3o criminosa respons\u00e1vel por homic\u00eddios.<\/div>\n<div style=\"background-color: white; box-sizing: border-box; font-family: Lato, sans-serif; font-size: 13px; line-height: 23px; margin-bottom: 10px; text-align: justify;\">\nA a\u00e7\u00e3o \u00e9 coordenada pela delegada Servulla Walleska, titular da 3\u00aa Divis\u00e3o de Homic\u00eddios do Agreste. As investiga\u00e7\u00f5es tiveram in\u00edcio em dezembro de 2017.<\/div>\n<div style=\"background-color: white; box-sizing: border-box; font-family: lato, sans-serif; line-height: 23px; margin-bottom: 10px; text-align: justify;\">\n<div style=\"font-size: 13px;\">\nQuarenta policiais participam da opera\u00e7\u00e3o, entre delegados, agentes e escriv\u00e3es. Ser\u00e3o cumpridos quatro mandados de pris\u00e3o expedidos pela Vara do Tribunal do J\u00fari da Comarca de Caruaru. As pessoas detidas est\u00e3o sendo levadas para a 3\u00aa Divis\u00e3o de Homic\u00eddios.<\/p>\n<p>Assista o v\u00eddeo abaixo, com a delegada S\u00e9rvula:<\/p><\/div>\n<div style=\"font-size: 13px;\">\n<\/div>\n<div class=\"separator\" style=\"clear: both; font-size: 13px; text-align: center;\">\n<\/div>\n<div style=\"font-size: 13px;\">\n<\/div>\n<p>Informa\u00e7\u00f5es, fotos e v\u00eddeo: Pol\u00edcia Civil\/Divulga\u00e7\u00e3o&nbsp;<\/p><\/div>\n","protected":false},"excerpt":{"rendered":"<p>Material apreendido pela pol\u00edcia&nbsp; A Pol\u00edcia Civil desencadeou na manh\u00e3 desta sexta-feira (14), em Caruaru, uma Opera\u00e7\u00e3o de Repress\u00e3o Qualificada&hellip;<\/p>\n","protected":false},"author":1,"featured_media":0,"comment_status":"open","ping_status":"open","sticky":false,"template":"","format":"standard","meta":{"footnotes":""},"categories":[1],"tags":[2,347,13],"class_list":["post-424","post","type-post","status-publish","format-standard","hentry","category-sem-categoria","tag-blog-do-edvaldo-magalhaes","tag-policia-civil-realiza-operacao-em-caruaru-para-prender-suspeitos-de-homicidios","tag-policial"],"_links":{"self":[{"href":"https:\/\/blogdoedvaldomagalhaes.com.br\/index.php\/wp-json\/wp\/v2\/posts\/424","targetHints":{"allow":["GET"]}}],"collection":[{"href":"https:\/\/blogdoedvaldomagalhaes.com.br\/index.php\/wp-json\/wp\/v2\/posts"}],"about":[{"href":"https:\/\/blogdoedvaldomagalhaes.com.br\/index.php\/wp-json\/wp\/v2\/types\/post"}],"author":[{"embeddable":true,"href":"https:\/\/blogdoedvaldomagalhaes.com.br\/index.php\/wp-json\/wp\/v2\/users\/1"}],"replies":[{"embeddable":true,"href":"https:\/\/blogdoedvaldomagalhaes.com.br\/index.php\/wp-json\/wp\/v2\/comments?post=424"}],"version-history":[{"count":1,"href":"https:\/\/blogdoedvaldomagalhaes.com.br\/index.php\/wp-json\/wp\/v2\/posts\/424\/revisions"}],"predecessor-version":[{"id":36825,"href":"https:\/\/blogdoedvaldomagalhaes.com.br\/index.php\/wp-json\/wp\/v2\/posts\/424\/revisions\/36825"}],"wp:attachment":[{"href":"https:\/\/blogdoedvaldomagalhaes.com.br\/index.php\/wp-json\/wp\/v2\/media?parent=424"}],"wp:term":[{"taxonomy":"category","embeddable":true,"href":"https:\/\/blogdoedvaldomagalhaes.com.br\/index.php\/wp-json\/wp\/v2\/categories?post=424"},{"taxonomy":"post_tag","embeddable":true,"href":"https:\/\/blogdoedvaldomagalhaes.com.br\/index.php\/wp-json\/wp\/v2\/tags?post=424"}],"curies":[{"name":"wp","href":"https:\/\/api.w.org\/{rel}","templated":true}]}}