{"id":423,"date":"2018-12-14T14:32:00","date_gmt":"2018-12-14T16:32:00","guid":{"rendered":"http:\/\/blogdoedvaldomagalhaes.com.br\/index.php\/2018\/12\/14\/carreta-transportando-helice-de-eolica\/"},"modified":"2019-02-09T02:46:07","modified_gmt":"2019-02-09T04:46:07","slug":"carreta-transportando-helice-de-eolica","status":"publish","type":"post","link":"https:\/\/blogdoedvaldomagalhaes.com.br\/index.php\/2018\/12\/14\/carreta-transportando-helice-de-eolica\/","title":{"rendered":"Carreta transportando h\u00e9lice de E\u00f3lica tomba na BR-232 em Caruaru"},"content":{"rendered":"<div class=\"separator\" style=\"clear: both; text-align: center;\">\n<a href=\"https:\/\/2.bp.blogspot.com\/-g58udZmUjwo\/XBO9y03UxPI\/AAAAAAAA_wU\/m2pQ05jnpUI_d7MWuFEU7wrNIHKQbrXSgCLcBGAs\/s1600\/IMG-20181214-WA0072.jpg\" imageanchor=\"1\" style=\"margin-left: 1em; margin-right: 1em;\"><img loading=\"lazy\" decoding=\"async\" border=\"0\" data-original-height=\"960\" data-original-width=\"1280\" height=\"480\" src=\"http:\/\/blogdoedvaldomagalhaes.com.br\/wp-content\/uploads\/2018\/12\/IMG-20181214-WA0072.jpg\" width=\"640\" \/><\/a><\/div>\n<p><\/p>\n<div class=\"separator\" style=\"clear: both; text-align: center;\">\n<a href=\"https:\/\/3.bp.blogspot.com\/-02gjsr1Q1Qw\/XBO91xvPqHI\/AAAAAAAA_wY\/Mnha8XZRaoA33eSHxyfb-LotK6KXQG9rwCLcBGAs\/s1600\/IMG-20181214-WA0071.jpg\" imageanchor=\"1\" style=\"margin-left: 1em; margin-right: 1em;\"><img loading=\"lazy\" decoding=\"async\" border=\"0\" data-original-height=\"960\" data-original-width=\"1280\" height=\"480\" src=\"http:\/\/blogdoedvaldomagalhaes.com.br\/wp-content\/uploads\/2018\/12\/IMG-20181214-WA0071.jpg\" width=\"640\" \/><\/a><\/div>\n<p><\/p>\n<div class=\"separator\" style=\"clear: both; text-align: center;\">\n<a href=\"https:\/\/3.bp.blogspot.com\/-hlF8WWJS7vo\/XBO94aaa3CI\/AAAAAAAA_wc\/YGnE5YeqEDgJsX9CVCIT9oM3CuFYyCN6wCLcBGAs\/s1600\/IMG-20181214-WA0070.jpg\" imageanchor=\"1\" style=\"margin-left: 1em; margin-right: 1em;\"><img loading=\"lazy\" decoding=\"async\" border=\"0\" data-original-height=\"1280\" data-original-width=\"959\" height=\"640\" src=\"http:\/\/blogdoedvaldomagalhaes.com.br\/wp-content\/uploads\/2018\/12\/IMG-20181214-WA0070.jpg\" width=\"478\" \/><\/a><\/div>\n<p><\/p>\n<div class=\"separator\" style=\"clear: both; text-align: center;\">\n<a href=\"https:\/\/4.bp.blogspot.com\/-n5y2DRnrQP0\/XBO97G03ijI\/AAAAAAAA_wg\/7q_igfnF-gY1o298e4JWJkQl1ZVqci0FwCLcBGAs\/s1600\/IMG-20181214-WA0069.jpg\" imageanchor=\"1\" style=\"margin-left: 1em; margin-right: 1em;\"><img loading=\"lazy\" decoding=\"async\" border=\"0\" data-original-height=\"1280\" data-original-width=\"768\" height=\"640\" src=\"http:\/\/blogdoedvaldomagalhaes.com.br\/wp-content\/uploads\/2018\/12\/IMG-20181214-WA0069.jpg\" width=\"384\" \/><\/a><\/div>\n<p><\/p>\n<div class=\"separator\" style=\"clear: both; text-align: center;\">\n<a href=\"https:\/\/1.bp.blogspot.com\/--WQOKAwRynM\/XBO99Di6VvI\/AAAAAAAA_wk\/mnCSwVgzdbMxydB3Hqx2Sm_Iood0KtraQCLcBGAs\/s1600\/IMG-20181214-WA0064.jpg\" imageanchor=\"1\" style=\"margin-left: 1em; margin-right: 1em;\"><img loading=\"lazy\" decoding=\"async\" border=\"0\" data-original-height=\"1040\" data-original-width=\"585\" height=\"640\" src=\"http:\/\/blogdoedvaldomagalhaes.com.br\/wp-content\/uploads\/2018\/12\/IMG-20181214-WA0064.jpg\" width=\"360\" \/><\/a><\/div>\n<div class=\"separator\" style=\"clear: both; text-align: center;\">\nFotos:Reprodu\u00e7\u00e3o\/Whatsapp&nbsp;<\/div>\n<div class=\"separator\" style=\"clear: both; text-align: center;\">\n<\/div>\n<div class=\"separator\" style=\"clear: both; text-align: justify;\">\nUma carreta transportando h\u00e9lice de E\u00f3lica tombou no KM 127 da BR-232, pr\u00f3ximo da Delegacia da Pol\u00edcia Rodovi\u00e1ria Federal, em Caruaru, na manh\u00e3 desta sexta-feira (14). O acidente provocou interdi\u00e7\u00e3o do referido trecho da rodovia. Ningu\u00e9m se feriu.<\/div>\n<div class=\"separator\" style=\"clear: both; text-align: justify;\">\n<\/div>\n<div class=\"separator\" style=\"clear: both; text-align: justify;\">\n<\/div>\n<p><\/p>\n","protected":false},"excerpt":{"rendered":"<p>Fotos:Reprodu\u00e7\u00e3o\/Whatsapp&nbsp; Uma carreta transportando h\u00e9lice de E\u00f3lica tombou no KM 127 da BR-232, pr\u00f3ximo da Delegacia da Pol\u00edcia Rodovi\u00e1ria Federal,&hellip;<\/p>\n","protected":false},"author":1,"featured_media":0,"comment_status":"open","ping_status":"open","sticky":false,"template":"","format":"standard","meta":{"footnotes":""},"categories":[1],"tags":[2,346],"class_list":["post-423","post","type-post","status-publish","format-standard","hentry","category-sem-categoria","tag-blog-do-edvaldo-magalhaes","tag-noticas"],"_links":{"self":[{"href":"https:\/\/blogdoedvaldomagalhaes.com.br\/index.php\/wp-json\/wp\/v2\/posts\/423","targetHints":{"allow":["GET"]}}],"collection":[{"href":"https:\/\/blogdoedvaldomagalhaes.com.br\/index.php\/wp-json\/wp\/v2\/posts"}],"about":[{"href":"https:\/\/blogdoedvaldomagalhaes.com.br\/index.php\/wp-json\/wp\/v2\/types\/post"}],"author":[{"embeddable":true,"href":"https:\/\/blogdoedvaldomagalhaes.com.br\/index.php\/wp-json\/wp\/v2\/users\/1"}],"replies":[{"embeddable":true,"href":"https:\/\/blogdoedvaldomagalhaes.com.br\/index.php\/wp-json\/wp\/v2\/comments?post=423"}],"version-history":[{"count":1,"href":"https:\/\/blogdoedvaldomagalhaes.com.br\/index.php\/wp-json\/wp\/v2\/posts\/423\/revisions"}],"predecessor-version":[{"id":36831,"href":"https:\/\/blogdoedvaldomagalhaes.com.br\/index.php\/wp-json\/wp\/v2\/posts\/423\/revisions\/36831"}],"wp:attachment":[{"href":"https:\/\/blogdoedvaldomagalhaes.com.br\/index.php\/wp-json\/wp\/v2\/media?parent=423"}],"wp:term":[{"taxonomy":"category","embeddable":true,"href":"https:\/\/blogdoedvaldomagalhaes.com.br\/index.php\/wp-json\/wp\/v2\/categories?post=423"},{"taxonomy":"post_tag","embeddable":true,"href":"https:\/\/blogdoedvaldomagalhaes.com.br\/index.php\/wp-json\/wp\/v2\/tags?post=423"}],"curies":[{"name":"wp","href":"https:\/\/api.w.org\/{rel}","templated":true}]}}