{"id":4221,"date":"2017-10-27T17:36:00","date_gmt":"2017-10-27T19:36:00","guid":{"rendered":"http:\/\/blogdoedvaldomagalhaes.com.br\/index.php\/2017\/10\/27\/camara-vereadores-de-caruaru-comemora\/"},"modified":"2019-02-09T01:49:38","modified_gmt":"2019-02-09T03:49:38","slug":"camara-vereadores-de-caruaru-comemora","status":"publish","type":"post","link":"https:\/\/blogdoedvaldomagalhaes.com.br\/index.php\/2017\/10\/27\/camara-vereadores-de-caruaru-comemora\/","title":{"rendered":"C\u00e2mara Vereadores de Caruaru comemora Dia do Servidor P\u00fablico"},"content":{"rendered":"<div class=\"separator\" style=\"clear: both; text-align: center;\">\n<\/div>\n<p><\/p>\n<div class=\"separator\" style=\"clear: both; text-align: center;\">\n<a href=\"https:\/\/2.bp.blogspot.com\/-07vx94Yfw-c\/WfNropdkWCI\/AAAAAAAAinc\/X8yP1PQzZHsvarYr-tHSReQzJkIbQnZvgCLcBGAs\/s1600\/camara%2B2.jpg\" imageanchor=\"1\" style=\"margin-left: 1em; margin-right: 1em;\"><img loading=\"lazy\" decoding=\"async\" border=\"0\" data-original-height=\"721\" data-original-width=\"1024\" height=\"281\" src=\"http:\/\/blogdoedvaldomagalhaes.com.br\/wp-content\/uploads\/2017\/10\/camara2-1.jpg\" width=\"400\" \/><\/a><\/div>\n<div class=\"separator\" style=\"clear: both; text-align: center;\">\nFotos: Vladimir Barreto Rodrigues<\/div>\n<div class=\"separator\" style=\"clear: both; text-align: center;\">\n<a href=\"https:\/\/4.bp.blogspot.com\/-_ymFuMDHNwY\/WfNrzQoppmI\/AAAAAAAAink\/or2Xt32wJ4Q1pA4TsJbHDuGOz8-ZyPPVQCLcBGAs\/s1600\/camara%2B1.jpg\" imageanchor=\"1\" style=\"margin-left: 1em; margin-right: 1em;\"><img loading=\"lazy\" decoding=\"async\" border=\"0\" data-original-height=\"721\" data-original-width=\"1024\" height=\"281\" src=\"http:\/\/blogdoedvaldomagalhaes.com.br\/wp-content\/uploads\/2017\/10\/camara1-1.jpg\" width=\"400\" \/><\/a><\/div>\n<p><\/p>\n<div class=\"separator\" style=\"clear: both; text-align: center;\">\n<a href=\"https:\/\/1.bp.blogspot.com\/-_j4j2HBWxlQ\/WfNrqYgkBBI\/AAAAAAAAing\/WRGNZDCWV_Ex6fqqeuu_U0DLZa3uDZ9swCLcBGAs\/s1600\/camara%2B3.jpg\" imageanchor=\"1\" style=\"margin-left: 1em; margin-right: 1em;\"><img loading=\"lazy\" decoding=\"async\" border=\"0\" data-original-height=\"721\" data-original-width=\"1024\" height=\"281\" src=\"http:\/\/blogdoedvaldomagalhaes.com.br\/wp-content\/uploads\/2017\/10\/camara3.jpg\" width=\"400\" \/><\/a><\/div>\n<div class=\"separator\" style=\"clear: both; text-align: center;\">\n<\/div>\n<div style=\"margin-bottom: 20px; padding: 0px; text-align: justify;\">\nO Dia do Servidor P\u00fablico Municipal (28 de outubro), institu\u00eddo pelo decreto legislativo n\u00ba 07\/04, foi comemorado na manh\u00e3 desta sexta-feira (27) no Sal\u00e3o Nobre Vereador Leonardo Chaves, na C\u00e2mara Municipal de Caruaru.<\/div>\n<div style=\"margin-bottom: 20px; padding: 0px; text-align: justify;\">\nNa ocasi\u00e3o o presidente da Casa, Lula Torre (PDT),&nbsp; enalteceu o trabalho de todos os servidores e anunciou duas boas not\u00edcias para a categoria, a primeira que o pagamento do 13\u00ba sal\u00e1rio dos servidores efetivos est\u00e1 garantindo, e a segunda que os as di\u00e1rias voltar\u00e3o a ser de R$ 500,00.&nbsp;<\/div>\n<div style=\"margin-bottom: 20px; padding: 0px; text-align: justify;\">\nLogo ap\u00f3s o an\u00fancio do presidente, foi apresentado um filme mostrando os servidores realizando o trabalho di\u00e1rio, e em seguida foi servido um caf\u00e9 da manh\u00e3.&nbsp;&nbsp;<\/div>\n","protected":false},"excerpt":{"rendered":"<p>Fotos: Vladimir Barreto Rodrigues O Dia do Servidor P\u00fablico Municipal (28 de outubro), institu\u00eddo pelo decreto legislativo n\u00ba 07\/04, foi&hellip;<\/p>\n","protected":false},"author":1,"featured_media":0,"comment_status":"open","ping_status":"open","sticky":false,"template":"","format":"standard","meta":{"footnotes":""},"categories":[1],"tags":[2,5210,1686,3634,20,2107],"class_list":["post-4221","post","type-post","status-publish","format-standard","hentry","category-sem-categoria","tag-blog-do-edvaldo-magalhaes","tag-camara-vereadores-de-caruaru-comemora-dia-do-servidor-publico","tag-lula-torres","tag-pdt","tag-politica","tag-ultimas-noticias-de-caruaru"],"_links":{"self":[{"href":"https:\/\/blogdoedvaldomagalhaes.com.br\/index.php\/wp-json\/wp\/v2\/posts\/4221","targetHints":{"allow":["GET"]}}],"collection":[{"href":"https:\/\/blogdoedvaldomagalhaes.com.br\/index.php\/wp-json\/wp\/v2\/posts"}],"about":[{"href":"https:\/\/blogdoedvaldomagalhaes.com.br\/index.php\/wp-json\/wp\/v2\/types\/post"}],"author":[{"embeddable":true,"href":"https:\/\/blogdoedvaldomagalhaes.com.br\/index.php\/wp-json\/wp\/v2\/users\/1"}],"replies":[{"embeddable":true,"href":"https:\/\/blogdoedvaldomagalhaes.com.br\/index.php\/wp-json\/wp\/v2\/comments?post=4221"}],"version-history":[{"count":1,"href":"https:\/\/blogdoedvaldomagalhaes.com.br\/index.php\/wp-json\/wp\/v2\/posts\/4221\/revisions"}],"predecessor-version":[{"id":25542,"href":"https:\/\/blogdoedvaldomagalhaes.com.br\/index.php\/wp-json\/wp\/v2\/posts\/4221\/revisions\/25542"}],"wp:attachment":[{"href":"https:\/\/blogdoedvaldomagalhaes.com.br\/index.php\/wp-json\/wp\/v2\/media?parent=4221"}],"wp:term":[{"taxonomy":"category","embeddable":true,"href":"https:\/\/blogdoedvaldomagalhaes.com.br\/index.php\/wp-json\/wp\/v2\/categories?post=4221"},{"taxonomy":"post_tag","embeddable":true,"href":"https:\/\/blogdoedvaldomagalhaes.com.br\/index.php\/wp-json\/wp\/v2\/tags?post=4221"}],"curies":[{"name":"wp","href":"https:\/\/api.w.org\/{rel}","templated":true}]}}