{"id":422,"date":"2018-12-14T15:02:00","date_gmt":"2018-12-14T17:02:00","guid":{"rendered":"http:\/\/blogdoedvaldomagalhaes.com.br\/index.php\/2018\/12\/14\/seresta-barro-luz-no-alto-do-moura\/"},"modified":"2019-02-09T02:46:08","modified_gmt":"2019-02-09T04:46:08","slug":"seresta-barro-luz-no-alto-do-moura","status":"publish","type":"post","link":"https:\/\/blogdoedvaldomagalhaes.com.br\/index.php\/2018\/12\/14\/seresta-barro-luz-no-alto-do-moura\/","title":{"rendered":"Seresta Barro Luz no Alto do Moura nesta sexta (14)"},"content":{"rendered":"<div class=\"separator\" style=\"clear: both; text-align: center;\">\n<a href=\"https:\/\/1.bp.blogspot.com\/-cBJAvElcn1g\/XBPFCittOaI\/AAAAAAAA_w4\/3J2w3KYBZPcRr7VGHF8iu7wz47DcLvRFQCLcBGAs\/s1600\/IMG-20181214-WA0094.jpg\" imageanchor=\"1\" style=\"margin-left: 1em; margin-right: 1em;\"><img loading=\"lazy\" decoding=\"async\" border=\"0\" data-original-height=\"527\" data-original-width=\"720\" height=\"468\" src=\"http:\/\/blogdoedvaldomagalhaes.com.br\/wp-content\/uploads\/2018\/12\/IMG-20181214-WA0094.jpg\" width=\"640\" \/><\/a><\/div>\n<p><\/p>\n<div style=\"text-align: justify;\">\nSeresta Barro Luz, ser\u00e1 realizada nesta sexta-feira (14), a partir das 19h, no Alto do Moura, em Caruaru. A sa\u00edda vai acontecer na Pra\u00e7a do Artes\u00e3o, e vai percorrer a ladeira principal com pequenas paradas, em frente ao Museu do Mestre Vitalino e sede da ABMAN.<\/div>\n<div style=\"text-align: justify;\">\n<\/div>\n<div style=\"text-align: justify;\">\nAs atra\u00e7\u00f5es s\u00e3o a Banda de P\u00edfanos Nossa Senhora das Gra\u00e7as, Ivan Show, Vit\u00f3ria Violino, poetas Nativos, Grupo da Terceira Idade, Gabriela Kopinits &#8211; A Cigana Contadora de Hist\u00f3rias, entre outras.<\/div>\n<div style=\"text-align: justify;\">\n<\/div>\n","protected":false},"excerpt":{"rendered":"<p>Seresta Barro Luz, ser\u00e1 realizada nesta sexta-feira (14), a partir das 19h, no Alto do Moura, em Caruaru. A sa\u00edda&hellip;<\/p>\n","protected":false},"author":1,"featured_media":0,"comment_status":"open","ping_status":"open","sticky":false,"template":"","format":"standard","meta":{"footnotes":""},"categories":[1],"tags":[2,6,345],"class_list":["post-422","post","type-post","status-publish","format-standard","hentry","category-sem-categoria","tag-blog-do-edvaldo-magalhaes","tag-noticias","tag-seresta-barro-luz-no-alto-do-moura-nesta-sexta-14"],"_links":{"self":[{"href":"https:\/\/blogdoedvaldomagalhaes.com.br\/index.php\/wp-json\/wp\/v2\/posts\/422","targetHints":{"allow":["GET"]}}],"collection":[{"href":"https:\/\/blogdoedvaldomagalhaes.com.br\/index.php\/wp-json\/wp\/v2\/posts"}],"about":[{"href":"https:\/\/blogdoedvaldomagalhaes.com.br\/index.php\/wp-json\/wp\/v2\/types\/post"}],"author":[{"embeddable":true,"href":"https:\/\/blogdoedvaldomagalhaes.com.br\/index.php\/wp-json\/wp\/v2\/users\/1"}],"replies":[{"embeddable":true,"href":"https:\/\/blogdoedvaldomagalhaes.com.br\/index.php\/wp-json\/wp\/v2\/comments?post=422"}],"version-history":[{"count":1,"href":"https:\/\/blogdoedvaldomagalhaes.com.br\/index.php\/wp-json\/wp\/v2\/posts\/422\/revisions"}],"predecessor-version":[{"id":36833,"href":"https:\/\/blogdoedvaldomagalhaes.com.br\/index.php\/wp-json\/wp\/v2\/posts\/422\/revisions\/36833"}],"wp:attachment":[{"href":"https:\/\/blogdoedvaldomagalhaes.com.br\/index.php\/wp-json\/wp\/v2\/media?parent=422"}],"wp:term":[{"taxonomy":"category","embeddable":true,"href":"https:\/\/blogdoedvaldomagalhaes.com.br\/index.php\/wp-json\/wp\/v2\/categories?post=422"},{"taxonomy":"post_tag","embeddable":true,"href":"https:\/\/blogdoedvaldomagalhaes.com.br\/index.php\/wp-json\/wp\/v2\/tags?post=422"}],"curies":[{"name":"wp","href":"https:\/\/api.w.org\/{rel}","templated":true}]}}