{"id":4216,"date":"2017-10-29T01:04:00","date_gmt":"2017-10-29T03:04:00","guid":{"rendered":"http:\/\/blogdoedvaldomagalhaes.com.br\/index.php\/2017\/10\/29\/mulher-e-presa-em-caruaru-por-deixar\/"},"modified":"2019-02-09T01:49:41","modified_gmt":"2019-02-09T03:49:41","slug":"mulher-e-presa-em-caruaru-por-deixar","status":"publish","type":"post","link":"https:\/\/blogdoedvaldomagalhaes.com.br\/index.php\/2017\/10\/29\/mulher-e-presa-em-caruaru-por-deixar\/","title":{"rendered":"Mulher \u00e9 presa em Caruaru por deixar dois filhos sozinhos em casa"},"content":{"rendered":"<div class=\"separator\" style=\"clear: both; text-align: center;\">\n<a href=\"https:\/\/3.bp.blogspot.com\/-7hvL2EwLAT8\/WfUpBmwyfRI\/AAAAAAAAios\/j9VyHQ3MoxAx8WD1BGq4tz4ee9kASG0JQCLcBGAs\/s1600\/pm.jpg\" imageanchor=\"1\" style=\"margin-left: 1em; margin-right: 1em;\"><img loading=\"lazy\" decoding=\"async\" border=\"0\" data-original-height=\"214\" data-original-width=\"300\" height=\"285\" src=\"http:\/\/blogdoedvaldomagalhaes.com.br\/wp-content\/uploads\/2017\/10\/pm-7.jpg\" width=\"400\" \/><\/a><\/div>\n<div style=\"background-color: white; box-sizing: border-box; line-height: 24px; margin-bottom: 10px; text-align: justify;\">\n<\/div>\n<div style=\"background-color: white; box-sizing: border-box; line-height: 24px; margin-bottom: 10px; text-align: justify;\">\nAp\u00f3s informa\u00e7\u00f5es passadas ao Disque-Den\u00fancia Agreste, uma mulher de 26 anos foi presa na Vila Rafael, zona rural de Caruaru, por ter deixado dois filhos, de 1 e 8 anos, sozinhos trancados em casa por mais de 12 horas. Ela foi levada para a Delegacia de Plant\u00e3o.<\/div>\n<div style=\"background-color: white; box-sizing: border-box; line-height: 24px; margin-bottom: 10px; text-align: justify;\">\nDe acordo com a pol\u00edcia, a mulher disse que j\u00e1 deixou as crian\u00e7as sozinhas outras vezes e que o menor e 8 anos \u00e9 bastante respons\u00e1vel. Ela foi autuada em flagrante pelo crime e abandono de incapaz.<\/div>\n<div style=\"background-color: white; box-sizing: border-box; line-height: 24px; margin-bottom: 10px; text-align: justify;\">\nFonte: R\u00e1dio Liberdade.<\/div>\n","protected":false},"excerpt":{"rendered":"<p>Ap\u00f3s informa\u00e7\u00f5es passadas ao Disque-Den\u00fancia Agreste, uma mulher de 26 anos foi presa na Vila Rafael, zona rural de Caruaru,&hellip;<\/p>\n","protected":false},"author":1,"featured_media":0,"comment_status":"open","ping_status":"open","sticky":false,"template":"","format":"standard","meta":{"footnotes":""},"categories":[1],"tags":[2,5205,13,4668],"class_list":["post-4216","post","type-post","status-publish","format-standard","hentry","category-sem-categoria","tag-blog-do-edvaldo-magalhaes","tag-mulher-e-presa-em-caruaru-por-deixar-dois-filhos-sozinhos-em-casa","tag-policial","tag-ultimas-noticias-policiais"],"_links":{"self":[{"href":"https:\/\/blogdoedvaldomagalhaes.com.br\/index.php\/wp-json\/wp\/v2\/posts\/4216","targetHints":{"allow":["GET"]}}],"collection":[{"href":"https:\/\/blogdoedvaldomagalhaes.com.br\/index.php\/wp-json\/wp\/v2\/posts"}],"about":[{"href":"https:\/\/blogdoedvaldomagalhaes.com.br\/index.php\/wp-json\/wp\/v2\/types\/post"}],"author":[{"embeddable":true,"href":"https:\/\/blogdoedvaldomagalhaes.com.br\/index.php\/wp-json\/wp\/v2\/users\/1"}],"replies":[{"embeddable":true,"href":"https:\/\/blogdoedvaldomagalhaes.com.br\/index.php\/wp-json\/wp\/v2\/comments?post=4216"}],"version-history":[{"count":1,"href":"https:\/\/blogdoedvaldomagalhaes.com.br\/index.php\/wp-json\/wp\/v2\/posts\/4216\/revisions"}],"predecessor-version":[{"id":25552,"href":"https:\/\/blogdoedvaldomagalhaes.com.br\/index.php\/wp-json\/wp\/v2\/posts\/4216\/revisions\/25552"}],"wp:attachment":[{"href":"https:\/\/blogdoedvaldomagalhaes.com.br\/index.php\/wp-json\/wp\/v2\/media?parent=4216"}],"wp:term":[{"taxonomy":"category","embeddable":true,"href":"https:\/\/blogdoedvaldomagalhaes.com.br\/index.php\/wp-json\/wp\/v2\/categories?post=4216"},{"taxonomy":"post_tag","embeddable":true,"href":"https:\/\/blogdoedvaldomagalhaes.com.br\/index.php\/wp-json\/wp\/v2\/tags?post=4216"}],"curies":[{"name":"wp","href":"https:\/\/api.w.org\/{rel}","templated":true}]}}