{"id":4215,"date":"2017-10-29T01:30:00","date_gmt":"2017-10-29T03:30:00","guid":{"rendered":"http:\/\/blogdoedvaldomagalhaes.com.br\/index.php\/2017\/10\/29\/academias-darao-aulas-gratuitas-na\/"},"modified":"2019-02-09T01:49:42","modified_gmt":"2019-02-09T03:49:42","slug":"academias-darao-aulas-gratuitas-na","status":"publish","type":"post","link":"https:\/\/blogdoedvaldomagalhaes.com.br\/index.php\/2017\/10\/29\/academias-darao-aulas-gratuitas-na\/","title":{"rendered":"Academias dar\u00e3o aulas gratuitas na avenida Osvaldo Cruz em Caruaru neste domingo (29)"},"content":{"rendered":"<div class=\"separator\" style=\"clear: both; text-align: center;\">\n<a href=\"https:\/\/3.bp.blogspot.com\/-xLnIe05MHpA\/WfUvA812GBI\/AAAAAAAAio8\/HVD5JeOZOOA5RKVDIt6SaPdmlK_FjWUlQCLcBGAs\/s1600\/aula.jpg\" imageanchor=\"1\" style=\"margin-left: 1em; margin-right: 1em;\"><img loading=\"lazy\" decoding=\"async\" border=\"0\" data-original-height=\"390\" data-original-width=\"690\" height=\"225\" src=\"http:\/\/blogdoedvaldomagalhaes.com.br\/wp-content\/uploads\/2017\/10\/aula.jpg\" width=\"400\" \/><\/a><\/div>\n<div style=\"background-color: white; box-sizing: border-box; line-height: 24px; margin-bottom: 10px; text-align: justify;\">\n<\/div>\n<div style=\"background-color: white; box-sizing: border-box; line-height: 24px; margin-bottom: 10px; text-align: justify;\">\nQuem for a Avenida Osvaldo Cruz, em Caruaru, na manh\u00e3 deste domingo (29), vai poder participar de uma a\u00e7\u00e3o que ser\u00e1 realizada pela C\u00e2mara Setorial das Academias de Gin\u00e1stica da ACIC. Haver\u00e1 aulas gratuitas a partir das 9h e as pessoas est\u00e3o sendo convidadas para que compare\u00e7am vestidas de rosa, em alus\u00e3o \u00e0 campanha Outubro Rosa.<\/div>\n<div style=\"background-color: white; box-sizing: border-box; line-height: 24px; margin-bottom: 10px; text-align: justify;\">\nO coordenador da C\u00e2mara Setorial das Academias, Adson Leonel, concedeu entrevista a R\u00e1dio Liberdade e detalhou a programa\u00e7\u00e3o, falando sobre a import\u00e2ncia da a\u00e7\u00e3o, que tamb\u00e9m visa refor\u00e7ar a divulga\u00e7\u00e3o do Circuito de Corrida e Caminhada do SEST SENAT, em parceria com a R\u00e1dio Liberdade, no dia 5 de novembro.<\/div>\n","protected":false},"excerpt":{"rendered":"<p>Quem for a Avenida Osvaldo Cruz, em Caruaru, na manh\u00e3 deste domingo (29), vai poder participar de uma a\u00e7\u00e3o que&hellip;<\/p>\n","protected":false},"author":1,"featured_media":0,"comment_status":"open","ping_status":"open","sticky":false,"template":"","format":"standard","meta":{"footnotes":""},"categories":[1],"tags":[5203,5204,2,6,1950],"class_list":["post-4215","post","type-post","status-publish","format-standard","hentry","category-sem-categoria","tag-academias-darao-aulas-gratuitas-na-avenida-osvaldo-cruz-em-caruaru-neste-domingo-29","tag-adson-leonel","tag-blog-do-edvaldo-magalhaes","tag-noticias","tag-noticias-de-caruaru"],"_links":{"self":[{"href":"https:\/\/blogdoedvaldomagalhaes.com.br\/index.php\/wp-json\/wp\/v2\/posts\/4215","targetHints":{"allow":["GET"]}}],"collection":[{"href":"https:\/\/blogdoedvaldomagalhaes.com.br\/index.php\/wp-json\/wp\/v2\/posts"}],"about":[{"href":"https:\/\/blogdoedvaldomagalhaes.com.br\/index.php\/wp-json\/wp\/v2\/types\/post"}],"author":[{"embeddable":true,"href":"https:\/\/blogdoedvaldomagalhaes.com.br\/index.php\/wp-json\/wp\/v2\/users\/1"}],"replies":[{"embeddable":true,"href":"https:\/\/blogdoedvaldomagalhaes.com.br\/index.php\/wp-json\/wp\/v2\/comments?post=4215"}],"version-history":[{"count":1,"href":"https:\/\/blogdoedvaldomagalhaes.com.br\/index.php\/wp-json\/wp\/v2\/posts\/4215\/revisions"}],"predecessor-version":[{"id":25554,"href":"https:\/\/blogdoedvaldomagalhaes.com.br\/index.php\/wp-json\/wp\/v2\/posts\/4215\/revisions\/25554"}],"wp:attachment":[{"href":"https:\/\/blogdoedvaldomagalhaes.com.br\/index.php\/wp-json\/wp\/v2\/media?parent=4215"}],"wp:term":[{"taxonomy":"category","embeddable":true,"href":"https:\/\/blogdoedvaldomagalhaes.com.br\/index.php\/wp-json\/wp\/v2\/categories?post=4215"},{"taxonomy":"post_tag","embeddable":true,"href":"https:\/\/blogdoedvaldomagalhaes.com.br\/index.php\/wp-json\/wp\/v2\/tags?post=4215"}],"curies":[{"name":"wp","href":"https:\/\/api.w.org\/{rel}","templated":true}]}}