{"id":4214,"date":"2017-10-29T12:09:00","date_gmt":"2017-10-29T14:09:00","guid":{"rendered":"http:\/\/blogdoedvaldomagalhaes.com.br\/index.php\/2017\/10\/29\/acidente-entre-carro-e-moto-deixa-2\/"},"modified":"2019-02-09T01:49:43","modified_gmt":"2019-02-09T03:49:43","slug":"acidente-entre-carro-e-moto-deixa-2","status":"publish","type":"post","link":"https:\/\/blogdoedvaldomagalhaes.com.br\/index.php\/2017\/10\/29\/acidente-entre-carro-e-moto-deixa-2\/","title":{"rendered":"Acidente entre carro e moto deixa Presb\u00edtero morto e um ferido em Caruaru"},"content":{"rendered":"<div class=\"separator\" style=\"clear: both; text-align: center;\">\n<a href=\"https:\/\/2.bp.blogspot.com\/-vUQToyxVnng\/WfXEfGLr4_I\/AAAAAAAAipQ\/PrP6iyAHYX8RHLD6tVqRf3WXeK7IK8dugCLcBGAs\/s1600\/leno.jpg\" imageanchor=\"1\" style=\"margin-left: 1em; margin-right: 1em;\"><img loading=\"lazy\" decoding=\"async\" border=\"0\" data-original-height=\"457\" data-original-width=\"768\" height=\"237\" src=\"http:\/\/blogdoedvaldomagalhaes.com.br\/wp-content\/uploads\/2017\/10\/leno.jpg\" width=\"400\" \/><\/a><\/div>\n<div class=\"separator\" style=\"clear: both; text-align: center;\">\nFoto: Helenivaldo Pereira\/R\u00e1dio Liberdade<\/div>\n<div style=\"background-color: white; box-sizing: border-box; line-height: 24px; margin-bottom: 10px; text-align: justify;\">\n<\/div>\n<div style=\"background-color: white; box-sizing: border-box; line-height: 24px; margin-bottom: 10px; text-align: justify;\">\nUm grave acidente de tr\u00e2nsito aconteceu na tarde deste s\u00e1bado (28), em Caruaru, envolvendo carro e moto. A colis\u00e3o ocorreu por volta das 15h, nas proximidades do Cemit\u00e9rio Dom Bosco, bairro Maur\u00edcio de Nassau.<\/div>\n<div style=\"background-color: white; box-sizing: border-box; line-height: 24px; margin-bottom: 10px; text-align: justify;\">\nDois homens que estavam na motocicleta foram socorridos para o Hospital Regional do Agreste (HRA). Jos\u00e9 Adilson da Silva, 56 anos, n\u00e3o resistiu aos ferimentos e morreu. Ele era presb\u00edtero da Assembleia de Deus do bairro S\u00e3o Jo\u00e3o da Esc\u00f3cia.<\/div>\n<div style=\"background-color: white; box-sizing: border-box; line-height: 24px; margin-bottom: 10px; text-align: justify;\">\n<\/div>\n<div class=\"separator\" style=\"clear: both; text-align: center;\">\n<a href=\"https:\/\/2.bp.blogspot.com\/-kPBhLC-pHN8\/WfXEsx3xiwI\/AAAAAAAAipU\/JL_p6v9uvVAg0MSWtCXoBkt_jW9lWExBACLcBGAs\/s1600\/presb%25C3%25ADtero.jpg\" imageanchor=\"1\" style=\"margin-left: 1em; margin-right: 1em;\"><img loading=\"lazy\" decoding=\"async\" border=\"0\" data-original-height=\"960\" data-original-width=\"960\" height=\"400\" src=\"http:\/\/blogdoedvaldomagalhaes.com.br\/wp-content\/uploads\/2017\/10\/presbC3ADtero.jpg\" width=\"400\" \/><\/a><\/div>\n<div class=\"separator\" style=\"clear: both; text-align: center;\">\nFoto do Presb\u00edtero Adilson<\/div>\n<div style=\"background-color: white; box-sizing: border-box; line-height: 24px; margin-bottom: 10px; text-align: justify;\">\n<\/div>\n<div style=\"background-color: white; box-sizing: border-box; line-height: 24px; margin-bottom: 10px; text-align: justify;\">\nA outra v\u00edtima, Isac Cordeiro, 40 anos, residente no bairro o Salgado, que conduzia a moto, teve fratura em uma das pernas e uma pancada na cabe\u00e7a. Ele foi transferido para o Hospital da Restaura\u00e7\u00e3o, no Recife.<\/div>\n","protected":false},"excerpt":{"rendered":"<p>Foto: Helenivaldo Pereira\/R\u00e1dio Liberdade Um grave acidente de tr\u00e2nsito aconteceu na tarde deste s\u00e1bado (28), em Caruaru, envolvendo carro e&hellip;<\/p>\n","protected":false},"author":1,"featured_media":0,"comment_status":"open","ping_status":"open","sticky":false,"template":"","format":"standard","meta":{"footnotes":""},"categories":[1],"tags":[5201,2126,2,5202,2083,6,3983],"class_list":["post-4214","post","type-post","status-publish","format-standard","hentry","category-sem-categoria","tag-acidente-entre-carro-e-moto-deixa-um-morto-e-um-ferido-em-caruaru","tag-bairro-sao-joao-da-escocia","tag-blog-do-edvaldo-magalhaes","tag-hospital-da-restauracao-hr","tag-hra","tag-noticias","tag-recife"],"_links":{"self":[{"href":"https:\/\/blogdoedvaldomagalhaes.com.br\/index.php\/wp-json\/wp\/v2\/posts\/4214","targetHints":{"allow":["GET"]}}],"collection":[{"href":"https:\/\/blogdoedvaldomagalhaes.com.br\/index.php\/wp-json\/wp\/v2\/posts"}],"about":[{"href":"https:\/\/blogdoedvaldomagalhaes.com.br\/index.php\/wp-json\/wp\/v2\/types\/post"}],"author":[{"embeddable":true,"href":"https:\/\/blogdoedvaldomagalhaes.com.br\/index.php\/wp-json\/wp\/v2\/users\/1"}],"replies":[{"embeddable":true,"href":"https:\/\/blogdoedvaldomagalhaes.com.br\/index.php\/wp-json\/wp\/v2\/comments?post=4214"}],"version-history":[{"count":1,"href":"https:\/\/blogdoedvaldomagalhaes.com.br\/index.php\/wp-json\/wp\/v2\/posts\/4214\/revisions"}],"predecessor-version":[{"id":25557,"href":"https:\/\/blogdoedvaldomagalhaes.com.br\/index.php\/wp-json\/wp\/v2\/posts\/4214\/revisions\/25557"}],"wp:attachment":[{"href":"https:\/\/blogdoedvaldomagalhaes.com.br\/index.php\/wp-json\/wp\/v2\/media?parent=4214"}],"wp:term":[{"taxonomy":"category","embeddable":true,"href":"https:\/\/blogdoedvaldomagalhaes.com.br\/index.php\/wp-json\/wp\/v2\/categories?post=4214"},{"taxonomy":"post_tag","embeddable":true,"href":"https:\/\/blogdoedvaldomagalhaes.com.br\/index.php\/wp-json\/wp\/v2\/tags?post=4214"}],"curies":[{"name":"wp","href":"https:\/\/api.w.org\/{rel}","templated":true}]}}