{"id":4213,"date":"2017-10-29T12:21:00","date_gmt":"2017-10-29T14:21:00","guid":{"rendered":"http:\/\/blogdoedvaldomagalhaes.com.br\/index.php\/2017\/10\/29\/festa-fantasia-com-rock-pop-rock-teatro\/"},"modified":"2019-02-09T01:49:43","modified_gmt":"2019-02-09T03:49:43","slug":"festa-fantasia-com-rock-pop-rock-teatro","status":"publish","type":"post","link":"https:\/\/blogdoedvaldomagalhaes.com.br\/index.php\/2017\/10\/29\/festa-fantasia-com-rock-pop-rock-teatro\/","title":{"rendered":"\u201cFesta \u00e0 Fantasia\u201d com rock, pop rock, teatro e DJ\u2019s em Caruaru neste domingo  (29)"},"content":{"rendered":"<div class=\"separator\" style=\"clear: both; text-align: center;\">\n<a href=\"https:\/\/3.bp.blogspot.com\/-nb2wlODQlWM\/WfXHppwiNGI\/AAAAAAAAipg\/WWCWM1qkRjASIWXJr66YeeweMH4hoLDqwCLcBGAs\/s1600\/%25C3%25A1%2Bfama.jpg\" imageanchor=\"1\" style=\"margin-left: 1em; margin-right: 1em;\"><img loading=\"lazy\" decoding=\"async\" border=\"0\" data-original-height=\"360\" data-original-width=\"749\" height=\"192\" src=\"http:\/\/blogdoedvaldomagalhaes.com.br\/wp-content\/uploads\/2017\/10\/C3A1fama.jpg\" width=\"400\" \/><\/a><\/div>\n<div style=\"background-color: white; border: 0px; margin-bottom: 1.5em; outline: 0px; padding: 0px; text-align: justify; vertical-align: baseline;\">\n<\/div>\n<div style=\"background-color: white; border: 0px; margin-bottom: 1.5em; outline: 0px; padding: 0px; text-align: justify; vertical-align: baseline;\">\nNeste domingo (29), a rua mais animada de Caruaru volta a receber o evento Flor&amp;Ser M\u00e1 Fama. Com o tema \u201cFesta \u00e0 Fantasia\u201d, em alus\u00e3o ao Halloween, comemorado dia 31 de outubro, a programa\u00e7\u00e3o conta com bandas, apresenta\u00e7\u00e3o de teatro e, como grande novidade, a presen\u00e7a do projeto Som na Rural, com Roger de Renor e DJ\u2019s convidados comandando a discotecagem.<\/div>\n<div style=\"background-color: white; border: 0px; margin-bottom: 1.5em; outline: 0px; padding: 0px; text-align: justify; vertical-align: baseline;\">\n\u00c0s 14h, quem abre o dia de apresenta\u00e7\u00f5es \u00e9 a Banda de Rodagem, seguida da banda Jurema Preta, \u00e0s 15h. Composto por alunos do curso de teatro da Casa de Cultura Jos\u00e9 Cond\u00e9, com dire\u00e7\u00e3o de Nildo Garbo e produ\u00e7\u00e3o de Z\u00e9 Carlos, o espet\u00e1culo Saltimbancos chega para animar toda a fam\u00edlia a partir das 16h. Casaprima sobe ao palco com muito rock n\u2019 roll \u00e0s 17h. \u00c0s 18h, ser\u00e1 realizado o concurso de fantasias, aberto para todas as idades. Os vencedores v\u00e3o receber pr\u00eamios oferecidos por estabelecimentos da rua, como barca de sushi do Temaki Arretado e cupons de desconto da Plural Loja Colaborativa e do Barcelona Tapas. Quem encerra a noite \u00e9 Ivan Show, com um repert\u00f3rio ecl\u00e9tico e que vai colocar todo mundo para dan\u00e7ar. No Som na Rural, al\u00e9m de Roger de Renor, os DJ\u2019s Saulo, Duvida e Alissauro v\u00e3o comandar o som.<\/div>\n<div class=\"separator\" style=\"clear: both; text-align: center;\">\n<a href=\"https:\/\/3.bp.blogspot.com\/-T8sA3QxoXqU\/WfXHwP-4t3I\/AAAAAAAAipk\/Hn545A8SXrgNbCbBQhZQvSRbKN1JxY4dQCLcBGAs\/s1600\/flor%2Be%2Bser.jpg\" imageanchor=\"1\" style=\"margin-left: 1em; margin-right: 1em;\"><img loading=\"lazy\" decoding=\"async\" border=\"0\" data-original-height=\"372\" data-original-width=\"620\" height=\"240\" src=\"http:\/\/blogdoedvaldomagalhaes.com.br\/wp-content\/uploads\/2017\/10\/floreser.jpg\" width=\"400\" \/><\/a><\/div>\n<div style=\"background-color: white; border: 0px; margin-bottom: 1.5em; outline: 0px; padding: 0px; text-align: justify; vertical-align: baseline;\">\n<\/div>\n<div style=\"background-color: white; border: 0px; outline: 0px; padding: 0px; text-align: justify; vertical-align: baseline;\">\nRealizado pelo Coletivo M\u00e1 Fama e pela Funda\u00e7\u00e3o de Cultura e Turismo de Caruaru (FCTC), com apoio da Autarquia de Tr\u00e2nsito e Transporte (Destra), a segunda edi\u00e7\u00e3o do festival ser\u00e1 uma grande festa \u00e0 fantasia ao ar livre, para todas as tribos e idades. Das 12h \u00e0s 20h, a rua se transforma numa \u00e1rea de lazer para toda a fam\u00edlia, com m\u00fasica ao vivo, artesanato, brincadeiras, estabelecimentos da rua com mesas nas cal\u00e7adas e distribui\u00e7\u00e3o de doces ao longo do dia. A Rua Silvino Mac\u00eado ser\u00e1 fechada para tr\u00e1fego de ve\u00edculos a partir das 11h do dia 29.<\/div>\n","protected":false},"excerpt":{"rendered":"<p>Neste domingo (29), a rua mais animada de Caruaru volta a receber o evento Flor&amp;Ser M\u00e1 Fama. Com o tema&hellip;<\/p>\n","protected":false},"author":1,"featured_media":0,"comment_status":"open","ping_status":"open","sticky":false,"template":"","format":"standard","meta":{"footnotes":""},"categories":[1],"tags":[5198,2,6,5199,5200],"class_list":["post-4213","post","type-post","status-publish","format-standard","hentry","category-sem-categoria","tag-festa-a-fantasia-com-rock","tag-blog-do-edvaldo-magalhaes","tag-noticias","tag-pop-rock","tag-teatro-e-djs-em-caruaru-neste-domingo-29"],"_links":{"self":[{"href":"https:\/\/blogdoedvaldomagalhaes.com.br\/index.php\/wp-json\/wp\/v2\/posts\/4213","targetHints":{"allow":["GET"]}}],"collection":[{"href":"https:\/\/blogdoedvaldomagalhaes.com.br\/index.php\/wp-json\/wp\/v2\/posts"}],"about":[{"href":"https:\/\/blogdoedvaldomagalhaes.com.br\/index.php\/wp-json\/wp\/v2\/types\/post"}],"author":[{"embeddable":true,"href":"https:\/\/blogdoedvaldomagalhaes.com.br\/index.php\/wp-json\/wp\/v2\/users\/1"}],"replies":[{"embeddable":true,"href":"https:\/\/blogdoedvaldomagalhaes.com.br\/index.php\/wp-json\/wp\/v2\/comments?post=4213"}],"version-history":[{"count":1,"href":"https:\/\/blogdoedvaldomagalhaes.com.br\/index.php\/wp-json\/wp\/v2\/posts\/4213\/revisions"}],"predecessor-version":[{"id":25560,"href":"https:\/\/blogdoedvaldomagalhaes.com.br\/index.php\/wp-json\/wp\/v2\/posts\/4213\/revisions\/25560"}],"wp:attachment":[{"href":"https:\/\/blogdoedvaldomagalhaes.com.br\/index.php\/wp-json\/wp\/v2\/media?parent=4213"}],"wp:term":[{"taxonomy":"category","embeddable":true,"href":"https:\/\/blogdoedvaldomagalhaes.com.br\/index.php\/wp-json\/wp\/v2\/categories?post=4213"},{"taxonomy":"post_tag","embeddable":true,"href":"https:\/\/blogdoedvaldomagalhaes.com.br\/index.php\/wp-json\/wp\/v2\/tags?post=4213"}],"curies":[{"name":"wp","href":"https:\/\/api.w.org\/{rel}","templated":true}]}}