{"id":421,"date":"2018-12-14T16:13:00","date_gmt":"2018-12-14T18:13:00","guid":{"rendered":"http:\/\/blogdoedvaldomagalhaes.com.br\/index.php\/2018\/12\/14\/homicidios-no-estado-caem-em-novembro\/"},"modified":"2019-02-09T02:46:08","modified_gmt":"2019-02-09T04:46:08","slug":"homicidios-no-estado-caem-em-novembro","status":"publish","type":"post","link":"https:\/\/blogdoedvaldomagalhaes.com.br\/index.php\/2018\/12\/14\/homicidios-no-estado-caem-em-novembro\/","title":{"rendered":"Homic\u00eddios no estado caem em novembro pelo 12\u00b0 m\u00eas"},"content":{"rendered":"<div class=\"separator\" style=\"clear: both; text-align: center;\">\n<a href=\"https:\/\/3.bp.blogspot.com\/-dRUtp0pe0wk\/XBPVWg5jC8I\/AAAAAAAA_xE\/SbAbYK6G6eMYTYe1Vx5knXJhw_tWhXnVwCLcBGAs\/s1600\/IMG-20181214-WA0078.jpg\" imageanchor=\"1\" style=\"margin-left: 1em; margin-right: 1em;\"><img loading=\"lazy\" decoding=\"async\" border=\"0\" data-original-height=\"508\" data-original-width=\"940\" height=\"344\" src=\"http:\/\/blogdoedvaldomagalhaes.com.br\/wp-content\/uploads\/2018\/12\/IMG-20181214-WA0078.jpg\" width=\"640\" \/><\/a><\/div>\n<p><\/p>\n<div style=\"text-align: justify;\">\n_Com 299 CVLIs, o m\u00eas passado teve menos v\u00edtimas entre os novembros dos \u00faltimos 5 anos, atr\u00e1s apenas de novembro de 2013 (271), ano de melhores resultados do Pacto pela Vida. Em rela\u00e7\u00e3o a novembro de 2017, a redu\u00e7\u00e3o foi de 34,7%. Comparando os 11 meses deste ano, com o mesmo per\u00edodo do ano anterior, a queda foi de 23%, o que representa 1.170 vidas salvas_<\/div>\n<div style=\"text-align: justify;\">\n<\/div>\n<div style=\"text-align: justify;\">\nCom mais uma queda em rela\u00e7\u00e3o ao ano anterior, novembro de 2018 consolidou um ciclo de 12 meses consecutivos de redu\u00e7\u00e3o de homic\u00eddios em Pernambuco. Ao todo, no m\u00eas passado, foram 299 casos registrados de Crimes Violentos Letais Intencionais (CVLI), o que representa uma queda de 34,7% em rela\u00e7\u00e3o ao mesmo per\u00edodo do ano passado, quando 456 mortes haviam sido notificadas. Ontem, na divulga\u00e7\u00e3o dos dados de Crimes contra o Patrim\u00f4nio, o Estado chegou ao 15\u00ba m\u00eas de decl\u00ednio em todas as modalidades de roubos.<\/div>\n<div style=\"text-align: justify;\">\n<\/div>\n<div style=\"text-align: justify;\">\nA diminui\u00e7\u00e3o dos CVLIs se verificou significativa tamb\u00e9m quando se compara todo o ano de 2018 at\u00e9 30 de novembro, em rela\u00e7\u00e3o ao mesmo per\u00edodo de 2017: 23%. No total, foram 3.862 crimes do tipo registrados neste ano, contra 5.032 notificados no mesmo per\u00edodo do ano passado. Ou seja, 1.170 homic\u00eddios a menos.<\/div>\n<div style=\"text-align: justify;\">\n<\/div>\n<div style=\"text-align: justify;\">\n\u201cNovembro foi o segundo m\u00eas, em uma s\u00e9rie hist\u00f3rica de 38 meses, com n\u00famero de CVLIs abaixo de 300. O outro m\u00eas foi agosto de 2018, com 287 CVLIs. Isso \u00e9 consequ\u00eancia de um trabalho que reprimiu os crimes contra a vida de uma forma consistente. Da casa dos 500, h\u00e1 apenas 1 ano e meio (mar\u00e7o de 2017, com 551 mortes), chegamos a praticamente metade disso. Tamb\u00e9m destacamos que a que a redu\u00e7\u00e3o de 34,7% \u00e9 o maior percentual de queda, na compara\u00e7\u00e3o de um m\u00eas com o mesmo do ano anterior, j\u00e1 registrado em toda a era do Pacto pela Vida. N\u00e3o comemoramos, de forma alguma, pois nosso objetivo \u00e9 preservar todas as vidas. &nbsp;Estamos fortalecendo as investiga\u00e7\u00f5es, &nbsp;planejando o policiamento ostensivo em todas as \u00e1reas integradas de seguran\u00e7a e abrindo novos servi\u00e7os, a partir de investimentos importantes feitos pelo Governo de Pernambuco. Na pr\u00f3xima semana, por exemplo, inauguraremos o Complexo de Pol\u00edcia Cient\u00edfica de Palmares, levando para a Mata Sul uma grade de exames e per\u00edcias fundamentais para a elucida\u00e7\u00e3o de diversos crimes\u201d, diz o secret\u00e1rio de Defesa Social, Antonio de P\u00e1dua.<\/div>\n<div style=\"text-align: justify;\">\n<\/div>\n<div style=\"text-align: justify;\">\n*QUEDA DO LITORAL AO SERT\u00c3O* \u2013 A consolida\u00e7\u00e3o da queda dos CVLI engloba todas as Regi\u00f5es do Estado. Especificamente no m\u00eas de novembro, a maior redu\u00e7\u00e3o foi sentida no Sert\u00e3o, que registrou uma queda de 55,93% nos casos de homic\u00eddios. Ao todo, foram registradas 26 mortes neste m\u00eas, contra 59 casos no mesmo per\u00edodo do ano passado.<\/div>\n<div style=\"text-align: justify;\">\n<\/div>\n<div style=\"text-align: justify;\">\n\u201cNo Sert\u00e3o, a queda \u00e9 reflexo direto dos investimentos que o Governo do Estado vem realizando na Regi\u00e3o, como a instala\u00e7\u00e3o do 2\u00ba BIEsp, em Petrolina, e da Companhia Independente da PM em Araripina. Com isso, a \u00c1rea Integrada de Seguran\u00e7a 26 (AIS 26), com sede em Petrolina, teve o menor n\u00famero de homic\u00eddios desde maio de 2014, sem contar a AIS 22, com sede em Floresta, que registrou apenas um homic\u00eddio no m\u00eas, atingido o menor patamar de todo o Pacto pela Vida\u201d, comentou o secret\u00e1rio.<\/div>\n<div style=\"text-align: justify;\">\n<\/div>\n<div style=\"text-align: justify;\">\nEsse cen\u00e1rio foi repetido pelas demais regi\u00f5es. No m\u00eas passado, a Regi\u00e3o Metropolitana (exceto capital) teve menos 44,44% CVLIs, saindo de 126 para 70 v\u00edtimas \u2013 sendo, portanto, o menor n\u00famero desde setembro de 2015. J\u00e1 na Zona da Mata, a queda foi de 36,90% (de 84 para 53), enquanto o Agreste passou de 127 para 96 casos (-24,41%). Quando se avaliam os 11 meses consolidados, o Agreste lidera a queda dos casos, apresentado retra\u00e7\u00e3o de 31,42% (de 1.321 para 906). Em seguida, aparece a Regi\u00e3o Metropolitana (exceto capital) que apresentou uma diferen\u00e7a para baixo de 20,14% (1.450 para 1.158). A Zona da Mata caiu de 960 para 780 (-18,75%). Por fim, o Sert\u00e3o registrou decr\u00e9scimo de 17,89%, saindo de 570 ocorr\u00eancias para 468.<\/div>\n<div style=\"text-align: justify;\">\n<\/div>\n<div style=\"text-align: justify;\">\n*CAPITAL* &#8211; No Recife, a redu\u00e7\u00e3o dos homic\u00eddios em novembro atingiu a marca de 10%. No total, foram 54 crimes do tipo registrados em todo o m\u00eas, contra 60 notificados no mesmo per\u00edodo do ano passado. J\u00e1 no compilado do ano, a retra\u00e7\u00e3o dos CVLIs na Capital do Estado atingiu o n\u00famero de 24,76%, caindo de 731 para 550 ocorr\u00eancias.<\/div>\n<div style=\"text-align: justify;\">\n<\/div>\n<div style=\"text-align: justify;\">\n*CVLI ZERO* &#8211; Em novembro, 86 munic\u00edpios, mais Fernando de Noronha, n\u00e3o tiveram nenhum homic\u00eddio (confira a lista completa abaixo). &nbsp;Considerando o ano de 2018, de 1\u00ba de janeiro at\u00e9 30 de novembro, n\u00e3o ocorreu CVLI em 9 localidades: Brejinho, Calumbi, Ibirajuba, Itacuruba, Quixaba, Salgadinho, Santa Cruz e Serrita, al\u00e9m do distrito de Fernando de Noronha.<\/div>\n<div style=\"text-align: justify;\">\n<\/div>\n<div style=\"text-align: justify;\">\n*MOTIVA\u00c7\u00c3O* \u2013 Em Pernambuco, os CVLI est\u00e3o diretamente ligados a atividades criminosas. Dos 299 homic\u00eddios registrados em novembro, 69,23% foram motivados por envolvimento com o tr\u00e1fico de drogas, acerto de contas ou outras atividades criminais. Em seguida, a causa mais frequente foram os conflitos na comunidade, com 53 casos (17,73%). Conflitos afetivos e familiares tiveram rela\u00e7\u00e3o com 12 casos (4,01%), excluindo-se da\u00ed os feminic\u00eddios. Latroc\u00ednios foram 2,01% das motiva\u00e7\u00f5es, seis casos ao todo.<\/div>\n<div style=\"text-align: justify;\">\n<\/div>\n<div style=\"text-align: justify;\">\n*VIOL\u00caNCIA CONTRA A MULHER* \u2013 As v\u00edtimas de feminic\u00eddio, assassinadas apenas pelo fato de serem mulheres, foram 71 de janeiro a novembro deste ano. Um patamar 3% maior do que no mesmo per\u00edodo de 2017 (69 v\u00edtimas). No m\u00eas de novembro, foi registrado um aumento de 50% em rela\u00e7\u00e3o ao mesmo per\u00edodo do ano anterior, saindo de quatro para seis ocorr\u00eancias.<\/div>\n<div style=\"text-align: justify;\">\n<\/div>\n<div style=\"text-align: justify;\">\n\u201cA partir do decreto do governador Paulo C\u00e2mara, &nbsp;assinado em setembro de 2017, que instituiu o termo feminic\u00eddio nos boletins de ocorr\u00eancia, iniciamos um processo de capacita\u00e7\u00e3o e normatiza\u00e7\u00e3o da tipifica\u00e7\u00e3o deste crime nos inqu\u00e9ritos policiais. Estamos buscando a qualifica\u00e7\u00e3o da notifica\u00e7\u00e3o deste crime b\u00e1rbaro e a aplica\u00e7\u00e3o da justa penalidade. Em paralelo, estamos ampliado a rede de delegacias da Mulher, como ocorreu este ano, com as inaugura\u00e7\u00f5es de unidades no Cabo de Santo Agostinho e em Afogados da Ingazeira\u201d, explica o secret\u00e1rio, recomendando \u00e0s mulheres v\u00edtimas de viol\u00eancia dom\u00e9stica e amea\u00e7as que procurem uma unidade policial. \u201cAs estat\u00edsticas mostram que os xingamentos e agress\u00f5es avan\u00e7am e, sem a atua\u00e7\u00e3o policial, a mulher est\u00e1 correndo perigo e pode se tornar uma v\u00edtima de feminic\u00eddio. Como as situa\u00e7\u00f5es de viol\u00eancia geralmente ocorrem em casa, em c\u00edrculos mais restritos, amigos e vizinhos podem auxiliar a seguran\u00e7a p\u00fablica nessa corrente de prote\u00e7\u00e3o \u00e0s mulheres.\u201d<\/div>\n<div style=\"text-align: justify;\">\n<\/div>\n<div style=\"text-align: justify;\">\nAs estat\u00edsticas mostram que, em novembro de 2018, houve uma maior procura das mulheres por ajuda policial. O crescimento de mulheres que se dirigiram \u00e0s delegacias e denunciaram ter sofrido viol\u00eancia dom\u00e9stica e familiar em rela\u00e7\u00e3o ao mesmo m\u00eas de 2017 foi de 6,36%: de 3.001 para 3.192 queixas. Entre janeiro e novembro, as notifica\u00e7\u00f5es subiram em 19,32%: de 30.433 para 36.314.<\/div>\n<div style=\"text-align: justify;\">\n<\/div>\n<div style=\"text-align: justify;\">\nJ\u00e1 as queixas de estupros \u00e0s pol\u00edcias tiveram uma redu\u00e7\u00e3o de 19,47% em novembro, quando comparadas com as notifica\u00e7\u00f5es no mesmo per\u00edodo de 2017. De 226 v\u00edtimas, o n\u00famero caiu para 182. No entanto, no acumulado deste ano at\u00e9 novembro, houve aumento de 8,29% (de 2.160 para 2.339).<\/div>\n<div style=\"text-align: justify;\">\n<\/div>\n<div style=\"text-align: justify;\">\n*Em novembro, 86 munic\u00edpios e Fernando de Noronha n\u00e3o tiveram registro de CVLI. Confira a lista abaixo:*<\/div>\n<div style=\"text-align: justify;\">\n<\/div>\n<div style=\"text-align: justify;\">\nAfogados da Ingazeira; Afr\u00e2nio; Agrestina; Alagoinha; Angelim; Araripina; Barra de Guabiraba; Bel\u00e9m de Maria; Bel\u00e9m de S\u00e3o Francisco; Bet\u00e2nia; Brej\u00e3o; Brejinho; Cabrob\u00f3; Cachoeirinha; Cal\u00e7ado; Calumbi; Camutanga; Carnaiba; Carnaubeira da Penha; Catende; Ch\u00e3 Grande; Correntes; Cort\u00eas; Cumaru; Dormentes; Ex\u00fa; Fernando de Noronha; Flores; Gl\u00f3ria do Goit\u00e1; Granito; Iati; Ibirajuba; Iguaraci; Inaj\u00e1; Ingazeira; Ipubi; Itacuruba; Itamarac\u00e1; Itapetim; Jaqueira; Jatob\u00e1; Jo\u00e3o Alfredo; Jucati; Jupi; Lagoa do Ouro; Lagoa dos Gatos; Lajedo; Macaparana; Manari; Mirandiba; &nbsp;Moreil\u00e2ndia; Orob\u00f3; Oroc\u00f3; Palmeirina; Parnamirim; Passira; Pedra; Petrol\u00e2ndia; Po\u00e7\u00e3o; Pombos; Primavera; Quixaba; Sair\u00e9; Salgadinho; Santa Cruz; Santa Cruz da Baixa Verde; Santa Filomena; Santa Maria do Cambuc\u00e1; Santa Terezinha; S\u00e3o Benedito do Sul; S\u00e3o Caetano; S\u00e3o Jos\u00e9 do Belmonte; S\u00e3o Vicente F\u00e9rrer; Serrita; Solid\u00e3o; Tabira; Tacaratu; Tamandar\u00e9; Terezinha; Terra Nova; Tracunha\u00e9m; Triunfo; Tupanatinga; Tuparetama; Venturosa; Verdejante; X\u00e9xeu.<\/div>\n<div style=\"text-align: justify;\">\n<\/div>\n<div style=\"text-align: justify;\">\nInforma\u00e7\u00f5es: Secretaria de Defesa Social.&nbsp;<\/div>\n<div style=\"text-align: justify;\">\n<\/div>\n","protected":false},"excerpt":{"rendered":"<p>_Com 299 CVLIs, o m\u00eas passado teve menos v\u00edtimas entre os novembros dos \u00faltimos 5 anos, atr\u00e1s apenas de novembro&hellip;<\/p>\n","protected":false},"author":1,"featured_media":0,"comment_status":"open","ping_status":"open","sticky":false,"template":"","format":"standard","meta":{"footnotes":""},"categories":[1],"tags":[2,344,13],"class_list":["post-421","post","type-post","status-publish","format-standard","hentry","category-sem-categoria","tag-blog-do-edvaldo-magalhaes","tag-homicidios-no-estado-caem-em-novembro-pelo-12-mes","tag-policial"],"_links":{"self":[{"href":"https:\/\/blogdoedvaldomagalhaes.com.br\/index.php\/wp-json\/wp\/v2\/posts\/421","targetHints":{"allow":["GET"]}}],"collection":[{"href":"https:\/\/blogdoedvaldomagalhaes.com.br\/index.php\/wp-json\/wp\/v2\/posts"}],"about":[{"href":"https:\/\/blogdoedvaldomagalhaes.com.br\/index.php\/wp-json\/wp\/v2\/types\/post"}],"author":[{"embeddable":true,"href":"https:\/\/blogdoedvaldomagalhaes.com.br\/index.php\/wp-json\/wp\/v2\/users\/1"}],"replies":[{"embeddable":true,"href":"https:\/\/blogdoedvaldomagalhaes.com.br\/index.php\/wp-json\/wp\/v2\/comments?post=421"}],"version-history":[{"count":1,"href":"https:\/\/blogdoedvaldomagalhaes.com.br\/index.php\/wp-json\/wp\/v2\/posts\/421\/revisions"}],"predecessor-version":[{"id":36835,"href":"https:\/\/blogdoedvaldomagalhaes.com.br\/index.php\/wp-json\/wp\/v2\/posts\/421\/revisions\/36835"}],"wp:attachment":[{"href":"https:\/\/blogdoedvaldomagalhaes.com.br\/index.php\/wp-json\/wp\/v2\/media?parent=421"}],"wp:term":[{"taxonomy":"category","embeddable":true,"href":"https:\/\/blogdoedvaldomagalhaes.com.br\/index.php\/wp-json\/wp\/v2\/categories?post=421"},{"taxonomy":"post_tag","embeddable":true,"href":"https:\/\/blogdoedvaldomagalhaes.com.br\/index.php\/wp-json\/wp\/v2\/tags?post=421"}],"curies":[{"name":"wp","href":"https:\/\/api.w.org\/{rel}","templated":true}]}}