{"id":4202,"date":"2017-10-30T22:02:00","date_gmt":"2017-10-31T00:02:00","guid":{"rendered":"http:\/\/blogdoedvaldomagalhaes.com.br\/index.php\/2017\/10\/30\/unidade-de-saude-mental-infantojuveni\/"},"modified":"2019-02-09T01:50:52","modified_gmt":"2019-02-09T03:50:52","slug":"unidade-de-saude-mental-infantojuveni","status":"publish","type":"post","link":"https:\/\/blogdoedvaldomagalhaes.com.br\/index.php\/2017\/10\/30\/unidade-de-saude-mental-infantojuveni\/","title":{"rendered":"Unidade de Sa\u00fade Mental Infantojuvenil ser\u00e1 inaugurada em Caruaru"},"content":{"rendered":"<div class=\"separator\" style=\"clear: both; text-align: center;\">\n<a href=\"https:\/\/1.bp.blogspot.com\/-WrlKDc8P7Ek\/WfehPe1xZrI\/AAAAAAAAi5Q\/olFVhhOzpsQYl5RYjMMDVkuchrmuUQwrwCLcBGAs\/s1600\/inautruga%25C3%25A7%25C3%25A3o.jpg\" imageanchor=\"1\" style=\"margin-left: 1em; margin-right: 1em;\"><img loading=\"lazy\" decoding=\"async\" border=\"0\" data-original-height=\"287\" data-original-width=\"400\" height=\"282\" src=\"http:\/\/blogdoedvaldomagalhaes.com.br\/wp-content\/uploads\/2017\/10\/inautrugaC3A7C3A3o.jpg\" width=\"400\" \/><\/a><\/div>\n<div class=\"separator\" style=\"clear: both; text-align: center;\">\nFoto ilustrativa<\/div>\n<div style=\"text-align: justify;\">\n<\/div>\n<div style=\"text-align: justify;\">\nNesta ter\u00e7a-feira (31), \u00e0s 8h30, a prefeita de Caruaru, Raquel Lyra (PSDB) inaugura uma unidade espec\u00edfica de Sa\u00fade Mental, para atender crian\u00e7as e adolescentes de at\u00e9 14 anos. A unidade contar\u00e1 com uma equipe multidisciplinar de neuropediatra, psiquiatras, psic\u00f3logo, assistente social, al\u00e9m da equipe administrativa, e atender\u00e1 cerca de 400 pacientes por m\u00eas. Crian\u00e7as e adolescentes que possuem qualquer dist\u00farbio mental, depress\u00e3o ou problemas neurol\u00f3gicos, agora, poder\u00e3o contar com um espa\u00e7o adequado para serem atendidos.<\/div>\n","protected":false},"excerpt":{"rendered":"<p>Foto ilustrativa Nesta ter\u00e7a-feira (31), \u00e0s 8h30, a prefeita de Caruaru, Raquel Lyra (PSDB) inaugura uma unidade espec\u00edfica de Sa\u00fade&hellip;<\/p>\n","protected":false},"author":1,"featured_media":0,"comment_status":"open","ping_status":"open","sticky":false,"template":"","format":"standard","meta":{"footnotes":""},"categories":[1],"tags":[2,6,1229,5176],"class_list":["post-4202","post","type-post","status-publish","format-standard","hentry","category-sem-categoria","tag-blog-do-edvaldo-magalhaes","tag-noticias","tag-raquel-lyra","tag-unidade-de-saude-mental-infantojuvenil-sera-inaugurada-em-caruaru"],"_links":{"self":[{"href":"https:\/\/blogdoedvaldomagalhaes.com.br\/index.php\/wp-json\/wp\/v2\/posts\/4202","targetHints":{"allow":["GET"]}}],"collection":[{"href":"https:\/\/blogdoedvaldomagalhaes.com.br\/index.php\/wp-json\/wp\/v2\/posts"}],"about":[{"href":"https:\/\/blogdoedvaldomagalhaes.com.br\/index.php\/wp-json\/wp\/v2\/types\/post"}],"author":[{"embeddable":true,"href":"https:\/\/blogdoedvaldomagalhaes.com.br\/index.php\/wp-json\/wp\/v2\/users\/1"}],"replies":[{"embeddable":true,"href":"https:\/\/blogdoedvaldomagalhaes.com.br\/index.php\/wp-json\/wp\/v2\/comments?post=4202"}],"version-history":[{"count":1,"href":"https:\/\/blogdoedvaldomagalhaes.com.br\/index.php\/wp-json\/wp\/v2\/posts\/4202\/revisions"}],"predecessor-version":[{"id":25691,"href":"https:\/\/blogdoedvaldomagalhaes.com.br\/index.php\/wp-json\/wp\/v2\/posts\/4202\/revisions\/25691"}],"wp:attachment":[{"href":"https:\/\/blogdoedvaldomagalhaes.com.br\/index.php\/wp-json\/wp\/v2\/media?parent=4202"}],"wp:term":[{"taxonomy":"category","embeddable":true,"href":"https:\/\/blogdoedvaldomagalhaes.com.br\/index.php\/wp-json\/wp\/v2\/categories?post=4202"},{"taxonomy":"post_tag","embeddable":true,"href":"https:\/\/blogdoedvaldomagalhaes.com.br\/index.php\/wp-json\/wp\/v2\/tags?post=4202"}],"curies":[{"name":"wp","href":"https:\/\/api.w.org\/{rel}","templated":true}]}}