{"id":4201,"date":"2017-10-30T22:08:00","date_gmt":"2017-10-31T00:08:00","guid":{"rendered":"http:\/\/blogdoedvaldomagalhaes.com.br\/index.php\/2017\/10\/30\/camara-de-caruaru-homenageia-500-anos\/"},"modified":"2019-02-09T01:50:56","modified_gmt":"2019-02-09T03:50:56","slug":"camara-de-caruaru-homenageia-500-anos","status":"publish","type":"post","link":"https:\/\/blogdoedvaldomagalhaes.com.br\/index.php\/2017\/10\/30\/camara-de-caruaru-homenageia-500-anos\/","title":{"rendered":"C\u00e2mara de Caruaru homenageia 500 anos da Reforma Protestante"},"content":{"rendered":"<div class=\"separator\" style=\"clear: both; text-align: center;\">\n<a href=\"https:\/\/2.bp.blogspot.com\/-EudOUxTLtQs\/WfeiVueHCfI\/AAAAAAAAi5Y\/92DCkIRvWNMZNylxWsgwpfHE-UQiDga3gCLcBGAs\/s1600\/reforma.png\" imageanchor=\"1\" style=\"margin-left: 1em; margin-right: 1em;\"><img loading=\"lazy\" decoding=\"async\" border=\"0\" data-original-height=\"250\" data-original-width=\"620\" height=\"158\" src=\"http:\/\/blogdoedvaldomagalhaes.com.br\/wp-content\/uploads\/2017\/10\/reforma.png\" width=\"400\" \/><\/a><\/div>\n<div style=\"text-align: justify;\">\n<\/div>\n<div style=\"text-align: justify;\">\nA C\u00e2mara Municipal de Caruaru realiza nesta ter\u00e7a-feira (31) uma sess\u00e3o solene alusiva aos 500 anos da Reforma Protestante, proposta pelo vereador Pb. Andrey Gouveia. Na ocasi\u00e3o, tamb\u00e9m ser\u00e3o entregues medalhas \u00e0s lideran\u00e7as protestantes de Caruaru, no intuito de ressaltar o papel social desempenhado pelas igrejas evang\u00e9licas em todo o munic\u00edpio. A solenidade ter\u00e1 in\u00edcio \u00e0s 20h, ser\u00e1 aberta ao p\u00fablico e acontecer\u00e1 no plen\u00e1rio da C\u00e2mara.<\/div>\n<div style=\"text-align: justify;\">\n<\/div>\n<div style=\"text-align: justify;\">\nDe acordo com o Pb. Andrey, o evento contar\u00e1 com a participa\u00e7\u00e3o do quarteto de vozes da Igreja Evang\u00e9lica Assembleia de Deus, al\u00e9m de v\u00e1rios pastores, l\u00edderes e membros que se dedicam \u00e0 propaga\u00e7\u00e3o da palavra de Deus em Caruaru. \u201cA solenidade que iremos realizar tem como objetivo reconhecer a import\u00e2ncia da Reforma Protestante para a hist\u00f3ria. S\u00e3o 500 anos desde que Martinho Lutero, inspirado pela sua f\u00e9, teve a iniciativa de fixar na porta da Igreja de Wittenberg, suas 95 teses, o que deu in\u00edcio \u00e0 Reforma Protestante. \u00c9 um marco de grande import\u00e2ncia para todos os evang\u00e9licos\u201d, afirma Gouveia.<\/div>\n<div style=\"text-align: justify;\">\n<\/div>\n<div style=\"text-align: justify;\">\n<b>REFORMA PROTESTANTE<\/b><\/div>\n<div style=\"text-align: justify;\">\n<\/div>\n<div style=\"text-align: justify;\">\nIniciada em 31 de outubro de 1517, a Reforma Protestante compreende um per\u00edodo de grandes transforma\u00e7\u00f5es espirituais e de busca pelo cristianismo aut\u00eantico. O movimento teve como ponto de partida o momento em que o monge Martinho Lutero fixou 95 teses na porta da catedral de Wittenberg na Alemanha, protestando contra a doutrina\u00e7\u00e3o que era praticada pela igreja predominante. A partir desse momento, muitos come\u00e7aram a repensar o cristianismo b\u00edblico e a propagar as boas novas por todos os lugares, o que fez com que a movimento reformista rapidamente se espalhasse por todo o mundo. Em 2017, a Reforma Protestante iniciada por Lutero completa 500 anos.<\/div>\n","protected":false},"excerpt":{"rendered":"<p>A C\u00e2mara Municipal de Caruaru realiza nesta ter\u00e7a-feira (31) uma sess\u00e3o solene alusiva aos 500 anos da Reforma Protestante, proposta&hellip;<\/p>\n","protected":false},"author":1,"featured_media":0,"comment_status":"open","ping_status":"open","sticky":false,"template":"","format":"standard","meta":{"footnotes":""},"categories":[1],"tags":[2,5174,5175,5143,20],"class_list":["post-4201","post","type-post","status-publish","format-standard","hentry","category-sem-categoria","tag-blog-do-edvaldo-magalhaes","tag-camara-de-caruaru-homenageia-500-anos-da-reforma-protestante","tag-igreja-evangelica-assembleia-de-deus","tag-pb-andrey-gouveia","tag-politica"],"_links":{"self":[{"href":"https:\/\/blogdoedvaldomagalhaes.com.br\/index.php\/wp-json\/wp\/v2\/posts\/4201","targetHints":{"allow":["GET"]}}],"collection":[{"href":"https:\/\/blogdoedvaldomagalhaes.com.br\/index.php\/wp-json\/wp\/v2\/posts"}],"about":[{"href":"https:\/\/blogdoedvaldomagalhaes.com.br\/index.php\/wp-json\/wp\/v2\/types\/post"}],"author":[{"embeddable":true,"href":"https:\/\/blogdoedvaldomagalhaes.com.br\/index.php\/wp-json\/wp\/v2\/users\/1"}],"replies":[{"embeddable":true,"href":"https:\/\/blogdoedvaldomagalhaes.com.br\/index.php\/wp-json\/wp\/v2\/comments?post=4201"}],"version-history":[{"count":1,"href":"https:\/\/blogdoedvaldomagalhaes.com.br\/index.php\/wp-json\/wp\/v2\/posts\/4201\/revisions"}],"predecessor-version":[{"id":25693,"href":"https:\/\/blogdoedvaldomagalhaes.com.br\/index.php\/wp-json\/wp\/v2\/posts\/4201\/revisions\/25693"}],"wp:attachment":[{"href":"https:\/\/blogdoedvaldomagalhaes.com.br\/index.php\/wp-json\/wp\/v2\/media?parent=4201"}],"wp:term":[{"taxonomy":"category","embeddable":true,"href":"https:\/\/blogdoedvaldomagalhaes.com.br\/index.php\/wp-json\/wp\/v2\/categories?post=4201"},{"taxonomy":"post_tag","embeddable":true,"href":"https:\/\/blogdoedvaldomagalhaes.com.br\/index.php\/wp-json\/wp\/v2\/tags?post=4201"}],"curies":[{"name":"wp","href":"https:\/\/api.w.org\/{rel}","templated":true}]}}