{"id":42,"date":"2019-02-05T15:56:00","date_gmt":"2019-02-05T17:56:00","guid":{"rendered":"http:\/\/blogdoedvaldomagalhaes.com.br\/index.php\/2019\/02\/05\/cavaleiros-do-forro-na-festa-da-vitoria\/"},"modified":"2019-02-10T10:29:29","modified_gmt":"2019-02-10T13:29:29","slug":"cavaleiros-do-forro-na-festa-da-vitoria","status":"publish","type":"post","link":"https:\/\/blogdoedvaldomagalhaes.com.br\/index.php\/2019\/02\/05\/cavaleiros-do-forro-na-festa-da-vitoria\/","title":{"rendered":"Cavaleiros do Forr\u00f3 na festa da vit\u00f3ria do deputado Fernando Rodolfo no fim de semana em Garanhuns e Caruaru"},"content":{"rendered":"<div class=\"separator\" style=\"clear: both; text-align: center;\">\n<a href=\"https:\/\/2.bp.blogspot.com\/-eiPVKTMnWF8\/XFmxZsmXQHI\/AAAAAAABCBQ\/-HIN_6cqREgSUNUhpmjLx4gtJigx3WOSACLcBGAs\/s1600\/festa%2B2.jpg\" imageanchor=\"1\" style=\"margin-left: 1em; margin-right: 1em;\"><img loading=\"lazy\" decoding=\"async\" border=\"0\" data-original-height=\"1000\" data-original-width=\"1000\" height=\"640\" src=\"http:\/\/blogdoedvaldomagalhaes.com.br\/wp-content\/uploads\/2019\/02\/festa2.jpg\" width=\"640\"><\/a><\/div>\n<div style=\"text-align: justify;\"><\/div>\n<div style=\"text-align: justify;\">\nO Deputado Federal Fernando Rodolfo (PR) tomou posse oficialmente na \u00faltima sexta-feira, dia 01 de fevereiro de 2019, na C\u00e2mara dos Deputados em Bras\u00edlia, ap\u00f3s receber quase 53 mil votos do eleitorado pernambucano. E como forma de agradecimento e comemora\u00e7\u00e3o pela vit\u00f3ria nas urnas, o deputado promove shows art\u00edsticos nas cidades de Caruaru e Garanhuns, onde obteve os maiores percentuais de votos no estado.&nbsp;<\/div>\n<div style=\"text-align: justify;\"><\/div>\n<div style=\"text-align: justify;\">\nPara festejar com os amigos, familiares e eleitores, Fernando Rodolfo traz \u00e0s bandas Cavaleiros do Forr\u00f3, Brazzaville e Adriano &amp; Luciano que v\u00e3o animar o final de semana nas duas cidades com sucessos inesquec\u00edveis. &#8220;Quero convidar todos de Caruaru e Garanhuns e de todo o interior de Pernambuco para comemorar comigo a nossa posse como deputado federal.&#8221;, destacou o deputado em suas redes sociais.&nbsp;<\/div>\n<div style=\"text-align: justify;\"><\/div>\n<div style=\"text-align: justify;\">\nEm ambos os munic\u00edpios, os shows s\u00e3o gratuitos e abertos para toda popula\u00e7\u00e3o.<\/div>\n<div style=\"text-align: justify;\"><\/div>\n<div style=\"text-align: justify;\">\n<b>PROGRAMA\u00c7\u00c3O<\/b><\/div>\n<div style=\"text-align: justify;\"><\/div>\n<div style=\"text-align: justify;\">\nNa sexta, dia 08 de fevereiro, a Capital da Flores (Garanhuns) se anima ao som de grandes sucessos das bandas Cavaleiros do Forr\u00f3, Brazzaville e Adriano &amp; Luciano. Os shows come\u00e7am a partir das 20h, na Pra\u00e7a Mestre Dominguinhos.&nbsp;<\/div>\n<div style=\"text-align: justify;\"><\/div>\n<div style=\"text-align: justify;\">\nNo dia seguinte, 09 de fevereiro, \u00e9 a vez da Capital do Forr\u00f3 (Caruaru) receber essas grandes atra\u00e7\u00f5es num show imperd\u00edvel a partir das 20h, no largo da antiga esta\u00e7\u00e3o ferrovi\u00e1ria.<\/div>\n<div style=\"text-align: justify;\"><\/div>\n","protected":false},"excerpt":{"rendered":"<p>O Deputado Federal Fernando Rodolfo (PR) tomou posse oficialmente na \u00faltima sexta-feira, dia 01 de fevereiro de 2019, na C\u00e2mara&hellip;<\/p>\n","protected":false},"author":1,"featured_media":0,"comment_status":"open","ping_status":"open","sticky":false,"template":"","format":"standard","meta":{"footnotes":""},"categories":[14122],"tags":[2,49,20],"class_list":["post-42","post","type-post","status-publish","format-standard","hentry","category-politica","tag-blog-do-edvaldo-magalhaes","tag-cavaleiros-do-forro-na-festa-da-vitoria-do-deputado-fernando-rodolfo-no-fim-de-semana-em-garanhuns-e-caruaru","tag-politica"],"_links":{"self":[{"href":"https:\/\/blogdoedvaldomagalhaes.com.br\/index.php\/wp-json\/wp\/v2\/posts\/42","targetHints":{"allow":["GET"]}}],"collection":[{"href":"https:\/\/blogdoedvaldomagalhaes.com.br\/index.php\/wp-json\/wp\/v2\/posts"}],"about":[{"href":"https:\/\/blogdoedvaldomagalhaes.com.br\/index.php\/wp-json\/wp\/v2\/types\/post"}],"author":[{"embeddable":true,"href":"https:\/\/blogdoedvaldomagalhaes.com.br\/index.php\/wp-json\/wp\/v2\/users\/1"}],"replies":[{"embeddable":true,"href":"https:\/\/blogdoedvaldomagalhaes.com.br\/index.php\/wp-json\/wp\/v2\/comments?post=42"}],"version-history":[{"count":2,"href":"https:\/\/blogdoedvaldomagalhaes.com.br\/index.php\/wp-json\/wp\/v2\/posts\/42\/revisions"}],"predecessor-version":[{"id":38229,"href":"https:\/\/blogdoedvaldomagalhaes.com.br\/index.php\/wp-json\/wp\/v2\/posts\/42\/revisions\/38229"}],"wp:attachment":[{"href":"https:\/\/blogdoedvaldomagalhaes.com.br\/index.php\/wp-json\/wp\/v2\/media?parent=42"}],"wp:term":[{"taxonomy":"category","embeddable":true,"href":"https:\/\/blogdoedvaldomagalhaes.com.br\/index.php\/wp-json\/wp\/v2\/categories?post=42"},{"taxonomy":"post_tag","embeddable":true,"href":"https:\/\/blogdoedvaldomagalhaes.com.br\/index.php\/wp-json\/wp\/v2\/tags?post=42"}],"curies":[{"name":"wp","href":"https:\/\/api.w.org\/{rel}","templated":true}]}}