{"id":4199,"date":"2017-10-30T23:46:00","date_gmt":"2017-10-31T01:46:00","guid":{"rendered":"http:\/\/blogdoedvaldomagalhaes.com.br\/index.php\/2017\/10\/30\/filho-de-14-anos-que-matou-o-pai-para_30\/"},"modified":"2019-02-09T01:50:56","modified_gmt":"2019-02-09T03:50:56","slug":"filho-de-14-anos-que-matou-o-pai-para_30","status":"publish","type":"post","link":"https:\/\/blogdoedvaldomagalhaes.com.br\/index.php\/2017\/10\/30\/filho-de-14-anos-que-matou-o-pai-para_30\/","title":{"rendered":"Filho de 14 anos que matou o pai para defender a m\u00e3e de agress\u00e3o em Pesqueira se entrega \u00e0 pol\u00edcia"},"content":{"rendered":"<div class=\"separator\" style=\"clear: both; text-align: center;\">\n<a href=\"https:\/\/3.bp.blogspot.com\/-ibUhtg0EV5A\/Wfe46SH4liI\/AAAAAAAAi6I\/qrYy2qz0qxg6cJW7NW2qdV6h7joddCSBQCLcBGAs\/s1600\/funase.jpg\" imageanchor=\"1\" style=\"margin-left: 1em; margin-right: 1em;\"><img loading=\"lazy\" decoding=\"async\" border=\"0\" data-original-height=\"195\" data-original-width=\"259\" height=\"302\" src=\"http:\/\/blogdoedvaldomagalhaes.com.br\/wp-content\/uploads\/2017\/10\/funase-1.jpg\" width=\"400\" \/><\/a><\/div>\n<div class=\"content-textcontainer\" style=\"color: #333333; margin: 7.5pt 0cm 0.0001pt; text-align: justify;\">\nO caso aconteceu na tarde no \u00faltimo s\u00e1bado (28), mas s\u00f3 foi divulgado nesta segunda-feira (30). Um adolescente de 14 anos foi detido suspeito de matar o pai, de 38, a tiros dentro da casa onde moravam no bairro Vila An\u00e1polis, em Pesqueira, Agreste de Pernambuco. De acordo com a Pol\u00edcia Militar, o crime ocorreu ap\u00f3s o jovem ver o pai agredindo a m\u00e3e. O caso ocorreu no s\u00e1bado (28) e foi divulgado nesta segunda-feira (30).<\/p>\n<\/div>\n<div class=\"content-textcontainer\" style=\"color: #333333; margin: 0cm 0cm 0.0001pt; text-align: justify;\">\nDe acordo com&nbsp;a PM, o adolescente pegou a arma do pai para defender a m\u00e3e das agress\u00f5es e efetuou quatro disparos. O homem chegou a ser socorrido, sendo levaod para o Hospital Doutor L\u00eddio Parahyba, em seguida para o Hospital Regional do Agreste (HRA), mas n\u00e3o resistiu aos ferimentos.<\/div>\n<div class=\"content-text__container theme-color-primary-first-letter\" style=\"border: 0px; color: #333333; margin-top: 10px; padding: 0px; text-align: justify; text-indent: 20px;\">\n<\/div>\n<div class=\"content-textcontainer\" style=\"color: #333333; margin: 0cm 0cm 0.0001pt; text-align: justify;\">\nO jovem se entregou \u00e0 pol\u00edcia, foi apresentado ao Minist\u00e9rio P\u00fablico e levado \u00e0 Funda\u00e7\u00e3o de Atendimento Socioeducativo (Funase) de Arcoverde, no Sert\u00e3o.<\/div>\n","protected":false},"excerpt":{"rendered":"<p>O caso aconteceu na tarde no \u00faltimo s\u00e1bado (28), mas s\u00f3 foi divulgado nesta segunda-feira (30). Um adolescente de 14&hellip;<\/p>\n","protected":false},"author":1,"featured_media":0,"comment_status":"open","ping_status":"open","sticky":false,"template":"","format":"standard","meta":{"footnotes":""},"categories":[1],"tags":[2,5172,13,4668],"class_list":["post-4199","post","type-post","status-publish","format-standard","hentry","category-sem-categoria","tag-blog-do-edvaldo-magalhaes","tag-filho-de-14-anos-que-matou-o-pai-para-defender-a-mae-de-agressao-em-pesqueira-se-entrega-a-policia","tag-policial","tag-ultimas-noticias-policiais"],"_links":{"self":[{"href":"https:\/\/blogdoedvaldomagalhaes.com.br\/index.php\/wp-json\/wp\/v2\/posts\/4199","targetHints":{"allow":["GET"]}}],"collection":[{"href":"https:\/\/blogdoedvaldomagalhaes.com.br\/index.php\/wp-json\/wp\/v2\/posts"}],"about":[{"href":"https:\/\/blogdoedvaldomagalhaes.com.br\/index.php\/wp-json\/wp\/v2\/types\/post"}],"author":[{"embeddable":true,"href":"https:\/\/blogdoedvaldomagalhaes.com.br\/index.php\/wp-json\/wp\/v2\/users\/1"}],"replies":[{"embeddable":true,"href":"https:\/\/blogdoedvaldomagalhaes.com.br\/index.php\/wp-json\/wp\/v2\/comments?post=4199"}],"version-history":[{"count":1,"href":"https:\/\/blogdoedvaldomagalhaes.com.br\/index.php\/wp-json\/wp\/v2\/posts\/4199\/revisions"}],"predecessor-version":[{"id":25699,"href":"https:\/\/blogdoedvaldomagalhaes.com.br\/index.php\/wp-json\/wp\/v2\/posts\/4199\/revisions\/25699"}],"wp:attachment":[{"href":"https:\/\/blogdoedvaldomagalhaes.com.br\/index.php\/wp-json\/wp\/v2\/media?parent=4199"}],"wp:term":[{"taxonomy":"category","embeddable":true,"href":"https:\/\/blogdoedvaldomagalhaes.com.br\/index.php\/wp-json\/wp\/v2\/categories?post=4199"},{"taxonomy":"post_tag","embeddable":true,"href":"https:\/\/blogdoedvaldomagalhaes.com.br\/index.php\/wp-json\/wp\/v2\/tags?post=4199"}],"curies":[{"name":"wp","href":"https:\/\/api.w.org\/{rel}","templated":true}]}}