{"id":4198,"date":"2017-10-31T00:29:00","date_gmt":"2017-10-31T02:29:00","guid":{"rendered":"http:\/\/blogdoedvaldomagalhaes.com.br\/index.php\/2017\/10\/31\/pt-pernambuco-realizou-plenaria\/"},"modified":"2019-02-09T01:50:57","modified_gmt":"2019-02-09T03:50:57","slug":"pt-pernambuco-realizou-plenaria","status":"publish","type":"post","link":"https:\/\/blogdoedvaldomagalhaes.com.br\/index.php\/2017\/10\/31\/pt-pernambuco-realizou-plenaria\/","title":{"rendered":"PT-Pernambuco realizou Plen\u00e1ria Regional em Caruaru"},"content":{"rendered":"<div style=\"background-color: white; margin-bottom: 6px; text-align: justify;\">\n<div class=\"separator\" style=\"clear: both; text-align: center;\">\n<a href=\"https:\/\/3.bp.blogspot.com\/-PnVohQYn-wQ\/WffDl3nx5sI\/AAAAAAAAi6g\/w0lM5_olLLgf8cocOuLUlXqq3GpuBOMewCLcBGAs\/s1600\/IMG-20171030-WA0163.jpg\" imageanchor=\"1\" style=\"margin-left: 1em; margin-right: 1em;\"><img loading=\"lazy\" decoding=\"async\" border=\"0\" data-original-height=\"960\" data-original-width=\"1280\" height=\"300\" src=\"http:\/\/blogdoedvaldomagalhaes.com.br\/wp-content\/uploads\/2017\/10\/IMG-20171030-WA0163.jpg\" width=\"400\" \/><\/a><\/div>\n<div class=\"separator\" style=\"clear: both; text-align: center;\">\n<\/div>\n<p><\/div>\n<div style=\"background-color: white; margin-bottom: 6px; margin-top: 6px; text-align: justify;\">\nO Partido dos Trabalhadores de Pernambuco (PT-PE) realizou nesse domingo (29), a Plen\u00e1ria Regional do Agreste central. O encontro aconteceu na FETAPE-Caruaru, localizada na Rua Jo\u00e3o Rufino de Freitas, 32, Pinheir\u00f3polis. O&nbsp;debate foi sobre as conjunturas nacional e estadual e as elei\u00e7\u00f5es de 2018, al\u00e9m da organiza\u00e7\u00e3o partid\u00e1ria na regi\u00e3o.<\/p>\n<\/div>\n<div class=\"text_exposed_show\" style=\"background-color: white; display: inline;\">\n<div class=\"separator\" style=\"clear: both; text-align: center;\">\n<a href=\"https:\/\/1.bp.blogspot.com\/-Z7ffwsGSZR8\/WffM5nGAJdI\/AAAAAAAAi8A\/vs_H4B58iaMPOeeiy81ixL2BAdLeXoT9gCLcBGAs\/s1600\/jo%25C3%25A3o.jpg\" imageanchor=\"1\" style=\"margin-left: 1em; margin-right: 1em;\"><img loading=\"lazy\" decoding=\"async\" border=\"0\" data-original-height=\"400\" data-original-width=\"300\" height=\"400\" src=\"http:\/\/blogdoedvaldomagalhaes.com.br\/wp-content\/uploads\/2017\/10\/joC3A3o.jpg\" width=\"300\" \/><\/a><\/div>\n<p><\/p>\n<div style=\"margin-bottom: 6px; text-align: justify;\">\nO encontro discutiu o fortalecimento da legenda onde ele j\u00e1 existe, o apoio aos prefeitos e vereadores, al\u00e9m da reorganiza\u00e7\u00e3o partid\u00e1ria, com elei\u00e7\u00f5es extraordin\u00e1rias para os diret\u00f3rios municipais onde o PT n\u00e3o est\u00e1 organizado.<\/p>\n<div class=\"separator\" style=\"clear: both; text-align: center;\">\n<a href=\"https:\/\/4.bp.blogspot.com\/-pW2zn2rYIy0\/WffM_67JbzI\/AAAAAAAAi8E\/zmNFuXjXDsc9Y4djHWvZ4hJOXtCA-RXvwCLcBGAs\/s1600\/marilia.jpg\" imageanchor=\"1\" style=\"margin-left: 1em; margin-right: 1em;\"><img loading=\"lazy\" decoding=\"async\" border=\"0\" data-original-height=\"400\" data-original-width=\"300\" height=\"400\" src=\"http:\/\/blogdoedvaldomagalhaes.com.br\/wp-content\/uploads\/2017\/10\/marilia.jpg\" width=\"300\" \/><\/a><\/div>\n<p><\/div>\n<p><\/p>\n<div style=\"margin-bottom: 6px; margin-top: 6px; text-align: justify;\">\nA defesa do partido, do ex-presidente Luiz In\u00e1cio Lula da Silva, a luta contra as reformas e a constru\u00e7\u00e3o da candidatura do partido ao Governo do Estado est\u00e3o na pauta dos petistas.<\/p>\n<div class=\"separator\" style=\"clear: both; text-align: center;\">\n<a href=\"https:\/\/4.bp.blogspot.com\/-qvjznUEN220\/WffNEcfDZMI\/AAAAAAAAi8I\/KMyJI3zmDRMCnmthAlwcyLdBUrd4hWcEwCLcBGAs\/s1600\/humberto.jpg\" imageanchor=\"1\" style=\"margin-left: 1em; margin-right: 1em;\"><img loading=\"lazy\" decoding=\"async\" border=\"0\" data-original-height=\"300\" data-original-width=\"400\" height=\"300\" src=\"http:\/\/blogdoedvaldomagalhaes.com.br\/wp-content\/uploads\/2017\/10\/humberto.jpg\" width=\"400\" \/><\/a><\/div>\n<p><\/div>\n<p><\/p>\n<div style=\"margin-bottom: 6px; margin-top: 6px; text-align: justify;\">\nNa reuni\u00e3o foram apresentados a Campanha Nacional de Filia\u00e7\u00e3o, a plataforma de programa de governo, lan\u00e7ada recentemente pela Funda\u00e7\u00e3o Perseu Abramo e a coleta de assinatura pela anula\u00e7\u00e3o da reforma trabalhista.<\/p>\n<div class=\"separator\" style=\"clear: both; text-align: center;\">\n<a href=\"https:\/\/3.bp.blogspot.com\/-X_g9Y6uIA1s\/WffNTind6nI\/AAAAAAAAi8M\/HTy98XqUSbcY_i8BTa4qloXufgwDkD2tACLcBGAs\/s1600\/publico.jpg\" imageanchor=\"1\" style=\"margin-left: 1em; margin-right: 1em;\"><img loading=\"lazy\" decoding=\"async\" border=\"0\" data-original-height=\"300\" data-original-width=\"400\" height=\"300\" src=\"http:\/\/blogdoedvaldomagalhaes.com.br\/wp-content\/uploads\/2017\/10\/publico.jpg\" width=\"400\" \/><\/a><\/div>\n<p><\/div>\n<div style=\"margin-bottom: 6px; margin-top: 6px; text-align: justify;\">\nEstiveram presentes ao debate o presidente estadual do PT, Bruno Ribeiro, o senador Humberto Costa, a deputada estadual Teresa Leit\u00e3o, a secret\u00e1ria de Organiza\u00e7\u00e3o Estadual, \u00c2ngela Cristina, representantes dos movimentos sociais como CUT e Fetape e MST.<\/p>\n<div class=\"separator\" style=\"clear: both; text-align: center;\">\n<a href=\"https:\/\/2.bp.blogspot.com\/-NV56gXW2Si0\/WffNYXgIMuI\/AAAAAAAAi8Q\/wntiSUIqbt4vbQpdJ2F96BU4d9rlqzExwCLcBGAs\/s1600\/tofdos.jpg\" imageanchor=\"1\" style=\"margin-left: 1em; margin-right: 1em;\"><img loading=\"lazy\" decoding=\"async\" border=\"0\" data-original-height=\"301\" data-original-width=\"400\" height=\"300\" src=\"http:\/\/blogdoedvaldomagalhaes.com.br\/wp-content\/uploads\/2017\/10\/tofdos.jpg\" width=\"400\" \/><\/a><\/div>\n<p><\/div>\n<div style=\"margin-bottom: 6px; margin-top: 6px; text-align: justify;\">\nOs munic\u00edpios envolvidos foram Alagoinha, Altinho, Barra de Guabiraba, Belo Jardim, Bezerros, Bonito, Brejo da Madre de Deus, Cachoeirinha, Camocim de S\u00e3o F\u00e9lix, Cupira, Gravat\u00e1, Ibirajuba, Jata\u00faba, Lagoa dos Gatos, Panelas, Pesqueira, Po\u00e7\u00e3o, Riacho das Almas, Sair\u00e9, Sanhar\u00f3, S\u00e3o Bento do Una, S\u00e3o Caitano, S\u00e3o Joaquim do Monte e Tacaimb\u00f3.<\/div>\n<\/div>\n","protected":false},"excerpt":{"rendered":"<p>O Partido dos Trabalhadores de Pernambuco (PT-PE) realizou nesse domingo (29), a Plen\u00e1ria Regional do Agreste central. O encontro aconteceu&hellip;<\/p>\n","protected":false},"author":1,"featured_media":0,"comment_status":"open","ping_status":"open","sticky":false,"template":"","format":"standard","meta":{"footnotes":""},"categories":[1],"tags":[2410,2,4709,5170,2016,20,5171],"class_list":["post-4198","post","type-post","status-publish","format-standard","hentry","category-sem-categoria","tag-adilson-lira","tag-blog-do-edvaldo-magalhaes","tag-humberto-costa","tag-joao-paulo","tag-marilia-arraes","tag-politica","tag-pt-pernambuco-realizou-plenaria-regional-em-caruaru"],"_links":{"self":[{"href":"https:\/\/blogdoedvaldomagalhaes.com.br\/index.php\/wp-json\/wp\/v2\/posts\/4198","targetHints":{"allow":["GET"]}}],"collection":[{"href":"https:\/\/blogdoedvaldomagalhaes.com.br\/index.php\/wp-json\/wp\/v2\/posts"}],"about":[{"href":"https:\/\/blogdoedvaldomagalhaes.com.br\/index.php\/wp-json\/wp\/v2\/types\/post"}],"author":[{"embeddable":true,"href":"https:\/\/blogdoedvaldomagalhaes.com.br\/index.php\/wp-json\/wp\/v2\/users\/1"}],"replies":[{"embeddable":true,"href":"https:\/\/blogdoedvaldomagalhaes.com.br\/index.php\/wp-json\/wp\/v2\/comments?post=4198"}],"version-history":[{"count":1,"href":"https:\/\/blogdoedvaldomagalhaes.com.br\/index.php\/wp-json\/wp\/v2\/posts\/4198\/revisions"}],"predecessor-version":[{"id":25706,"href":"https:\/\/blogdoedvaldomagalhaes.com.br\/index.php\/wp-json\/wp\/v2\/posts\/4198\/revisions\/25706"}],"wp:attachment":[{"href":"https:\/\/blogdoedvaldomagalhaes.com.br\/index.php\/wp-json\/wp\/v2\/media?parent=4198"}],"wp:term":[{"taxonomy":"category","embeddable":true,"href":"https:\/\/blogdoedvaldomagalhaes.com.br\/index.php\/wp-json\/wp\/v2\/categories?post=4198"},{"taxonomy":"post_tag","embeddable":true,"href":"https:\/\/blogdoedvaldomagalhaes.com.br\/index.php\/wp-json\/wp\/v2\/tags?post=4198"}],"curies":[{"name":"wp","href":"https:\/\/api.w.org\/{rel}","templated":true}]}}