{"id":4197,"date":"2017-10-31T10:53:00","date_gmt":"2017-10-31T12:53:00","guid":{"rendered":"http:\/\/blogdoedvaldomagalhaes.com.br\/index.php\/2017\/10\/31\/governador-paulo-camara-cumpre-agenda-2\/"},"modified":"2019-02-09T01:50:58","modified_gmt":"2019-02-09T03:50:58","slug":"governador-paulo-camara-cumpre-agenda-2","status":"publish","type":"post","link":"https:\/\/blogdoedvaldomagalhaes.com.br\/index.php\/2017\/10\/31\/governador-paulo-camara-cumpre-agenda-2\/","title":{"rendered":"Governador Paulo C\u00e2mara cumpre agenda em Caruaru nesta ter\u00e7a-feira (31)"},"content":{"rendered":"<div class=\"separator\" style=\"clear: both; text-align: center;\">\n<a href=\"https:\/\/4.bp.blogspot.com\/-6dZGAF1c9Zw\/WfhV7UHecRI\/AAAAAAAAi9c\/oiUnHmAum244in1XXyR8JwtXs7MvzOOMgCLcBGAs\/s1600\/pe.jpg\" imageanchor=\"1\" style=\"margin-left: 1em; margin-right: 1em;\"><img loading=\"lazy\" decoding=\"async\" border=\"0\" data-original-height=\"392\" data-original-width=\"588\" height=\"266\" src=\"http:\/\/blogdoedvaldomagalhaes.com.br\/wp-content\/uploads\/2017\/10\/pe.jpg\" width=\"400\" \/><\/a><\/div>\n<div style=\"background-color: white; box-sizing: border-box; line-height: 24px; margin-bottom: 10px; text-align: justify;\">\n<\/div>\n<div style=\"background-color: white; box-sizing: border-box; line-height: 24px; margin-bottom: 10px; text-align: justify;\">\nO governador Paulo C\u00e2mara cumpre agenda nesta ter\u00e7a-feira (31), no Agreste de Pernambuco. O primeiro compromisso ser\u00e1 visitar as obras de implanta\u00e7\u00e3o do Batalh\u00e3o Integrado Especializado de Policiamento (Biesp), em Caruaru. Em seguida, C\u00e2mara vistoria obras do Hospital da Mulher e assina a Ordem de Servi\u00e7o para a constru\u00e7\u00e3o de um Centro de Oncologia no Hospital Mestre Vitalino.&nbsp;\u00c0s 15h, Paulo C\u00e2mara assina Ordem de Servi\u00e7o para as obras de duplica\u00e7\u00e3o, restaura\u00e7\u00e3o e ilumina\u00e7\u00e3o da BR-104, no Distrito de P\u00e3o de A\u00e7\u00facar, Taquaritinga do Norte.<\/div>\n<div style=\"background-color: white; box-sizing: border-box; line-height: 24px; margin-bottom: 10px; text-align: justify;\">\n<strong style=\"box-sizing: border-box;\">BIESP<\/strong>&nbsp;\u2013 Comitiva vistoria, \u00e0s 10h, as obras de implanta\u00e7\u00e3o do Batalh\u00e3o Integrado Especializado de Policiamento (Biesp). Em fase de finaliza\u00e7\u00e3o, a previs\u00e3o \u00e9 de o equipamento seja inaugurado ainda em novembro deste ano. Ao todo, 300 policiais militares v\u00e3o integrar o batalh\u00e3o, que contar\u00e1 com quatro companhias especializadas: Ronda Ostensiva com o Apoio de Motocicletas (Rocam), Radiopatrulha, Choque com C\u00e3es e Tr\u00e2nsito.<\/div>\n<div style=\"background-color: white; box-sizing: border-box; line-height: 24px; margin-bottom: 10px; text-align: justify;\">\n<strong style=\"box-sizing: border-box;\">HOSPITAL DA MULHER&nbsp;<\/strong>\u2013 O governador vistoria, \u00e0s 10h30, outra importante obra da \u00e1rea da sa\u00fade em execu\u00e7\u00e3o. Com cerca de 60% das obras conclu\u00eddas, o Hospital da Mulher do Agreste oferecer\u00e1 os servi\u00e7os de urg\u00eancia e emerg\u00eancia 24h, em m\u00e9dia e alta complexidade, nas especialidades de ginecologia e obstetr\u00edcia. Tamb\u00e9m oferecer\u00e1 atendimento ambulatorial nas especialidades de ginecologia, mastologia, oncologia, obstetr\u00edcia, pediatria e neonatologia. O projeto est\u00e1 or\u00e7ado em cerca de R$ 47 milh\u00f5es e tem previs\u00e3o de entrega para o primeiro semestre de 2018.<\/div>\n<div style=\"background-color: white; box-sizing: border-box; line-height: 24px; margin-bottom: 10px; text-align: justify;\">\n<strong style=\"box-sizing: border-box;\">HMV<\/strong>&nbsp;\u2013 Para ampliar os servi\u00e7os m\u00e9dicos oferecidos no Hospital Mestre Vitalino, o governador Paulo C\u00e2mara assina a Ordem de Servi\u00e7o, \u00e0s 11h, para a constru\u00e7\u00e3o de um Centro de Oncologia na unidade. O novo espa\u00e7o, que contar\u00e1 com 36 leitos, realizar\u00e1 cirurgias oncol\u00f3gicas, al\u00e9m da aplica\u00e7\u00e3o de quimioterapia nos pacientes. Para a constru\u00e7\u00e3o e aquisi\u00e7\u00e3o dos equipamentos ser\u00e3o investidos R$ 1,4 milh\u00e3o. A obra, que ser\u00e1 executada pela organiza\u00e7\u00e3o social Hospital do Tricenten\u00e1rio, respons\u00e1vel pela administra\u00e7\u00e3o da unidade, tem conclus\u00e3o prevista para o in\u00edcio do segundo semestre de 2018. O Centro ser\u00e1 refer\u00eancia para a popula\u00e7\u00e3o da II Macrorregional de Sa\u00fade, que engloba 53 munic\u00edpios do Agreste Pernambucano.<\/div>\n<div style=\"background-color: white; box-sizing: border-box; line-height: 24px; margin-bottom: 10px; text-align: justify;\">\n<strong style=\"box-sizing: border-box;\">BR-104<\/strong>&nbsp;\u2013 O governador Paulo C\u00e2mara, ao lado do ministro dos Transportes, Maur\u00edcio Quintella, assina no Distrito de P\u00e3o de A\u00e7\u00facar, em Taquaritinga do Norte, as Ordens de Servi\u00e7o para as obras de restaura\u00e7\u00e3o, duplica\u00e7\u00e3o e ilumina\u00e7\u00e3o da BR-104. O trecho de 13,2 km que ser\u00e1 restaurado e duplicado compreende do km 19,8 ao km 33, entre as rodovias PE-160, no distrito de P\u00e3o de A\u00e7\u00facar, e PE-145, em Toritama. Para esta interven\u00e7\u00e3o, ser\u00e3o investidos cerca de R$ 78 milh\u00f5es, beneficiando 150 mil pessoas da regi\u00e3o.<\/div>\n","protected":false},"excerpt":{"rendered":"<p>O governador Paulo C\u00e2mara cumpre agenda nesta ter\u00e7a-feira (31), no Agreste de Pernambuco. O primeiro compromisso ser\u00e1 visitar as obras&hellip;<\/p>\n","protected":false},"author":1,"featured_media":0,"comment_status":"open","ping_status":"open","sticky":false,"template":"","format":"standard","meta":{"footnotes":""},"categories":[1],"tags":[2724,2,5169,20],"class_list":["post-4197","post","type-post","status-publish","format-standard","hentry","category-sem-categoria","tag-biesp","tag-blog-do-edvaldo-magalhaes","tag-governador-paulo-camara-cumpre-agenda-em-caruaru-nesta-terca-feira-31","tag-politica"],"_links":{"self":[{"href":"https:\/\/blogdoedvaldomagalhaes.com.br\/index.php\/wp-json\/wp\/v2\/posts\/4197","targetHints":{"allow":["GET"]}}],"collection":[{"href":"https:\/\/blogdoedvaldomagalhaes.com.br\/index.php\/wp-json\/wp\/v2\/posts"}],"about":[{"href":"https:\/\/blogdoedvaldomagalhaes.com.br\/index.php\/wp-json\/wp\/v2\/types\/post"}],"author":[{"embeddable":true,"href":"https:\/\/blogdoedvaldomagalhaes.com.br\/index.php\/wp-json\/wp\/v2\/users\/1"}],"replies":[{"embeddable":true,"href":"https:\/\/blogdoedvaldomagalhaes.com.br\/index.php\/wp-json\/wp\/v2\/comments?post=4197"}],"version-history":[{"count":1,"href":"https:\/\/blogdoedvaldomagalhaes.com.br\/index.php\/wp-json\/wp\/v2\/posts\/4197\/revisions"}],"predecessor-version":[{"id":25708,"href":"https:\/\/blogdoedvaldomagalhaes.com.br\/index.php\/wp-json\/wp\/v2\/posts\/4197\/revisions\/25708"}],"wp:attachment":[{"href":"https:\/\/blogdoedvaldomagalhaes.com.br\/index.php\/wp-json\/wp\/v2\/media?parent=4197"}],"wp:term":[{"taxonomy":"category","embeddable":true,"href":"https:\/\/blogdoedvaldomagalhaes.com.br\/index.php\/wp-json\/wp\/v2\/categories?post=4197"},{"taxonomy":"post_tag","embeddable":true,"href":"https:\/\/blogdoedvaldomagalhaes.com.br\/index.php\/wp-json\/wp\/v2\/tags?post=4197"}],"curies":[{"name":"wp","href":"https:\/\/api.w.org\/{rel}","templated":true}]}}