{"id":419,"date":"2018-12-14T22:59:00","date_gmt":"2018-12-15T00:59:00","guid":{"rendered":"http:\/\/blogdoedvaldomagalhaes.com.br\/index.php\/2018\/12\/14\/familia-sofre-acidente-na-pe-60-e\/"},"modified":"2019-02-09T02:46:14","modified_gmt":"2019-02-09T04:46:14","slug":"familia-sofre-acidente-na-pe-60-e","status":"publish","type":"post","link":"https:\/\/blogdoedvaldomagalhaes.com.br\/index.php\/2018\/12\/14\/familia-sofre-acidente-na-pe-60-e\/","title":{"rendered":"Fam\u00edlia sofre acidente na PE-60 em Tamandar\u00e9 nesta sexta (14)"},"content":{"rendered":"<div class=\"separator\" style=\"clear: both; text-align: center;\">\n<a href=\"https:\/\/3.bp.blogspot.com\/-F8Y8Efh9B8s\/XBQ0VH09dBI\/AAAAAAAA_xY\/z5HJmeboZg4l9peRpsM4WHJNRNRur5t6ACLcBGAs\/s1600\/IMG-20181214-WA0326.jpg\" imageanchor=\"1\" style=\"margin-left: 1em; margin-right: 1em;\"><img loading=\"lazy\" decoding=\"async\" border=\"0\" data-original-height=\"720\" data-original-width=\"1280\" height=\"360\" src=\"http:\/\/blogdoedvaldomagalhaes.com.br\/wp-content\/uploads\/2018\/12\/IMG-20181214-WA0326.jpg\" width=\"640\" \/><\/a><\/div>\n<p><\/p>\n<div class=\"separator\" style=\"clear: both; text-align: center;\">\n<a href=\"https:\/\/3.bp.blogspot.com\/-4waiqU2FIg0\/XBQ0YnuJ8FI\/AAAAAAAA_xc\/alHgUUiwZkYHPwHUQZIA0cPLv0bTjahHgCLcBGAs\/s1600\/IMG-20181214-WA0323.jpg\" imageanchor=\"1\" style=\"margin-left: 1em; margin-right: 1em;\"><img loading=\"lazy\" decoding=\"async\" border=\"0\" data-original-height=\"720\" data-original-width=\"1280\" height=\"360\" src=\"http:\/\/blogdoedvaldomagalhaes.com.br\/wp-content\/uploads\/2018\/12\/IMG-20181214-WA0323.jpg\" width=\"640\" \/><\/a><\/div>\n<p><\/p>\n<div class=\"separator\" style=\"clear: both; text-align: center;\">\n<a href=\"https:\/\/2.bp.blogspot.com\/-HLkIrLZNWkI\/XBQ0bHbHZdI\/AAAAAAAA_xg\/iUCeyt0tyJIjHUbRT8Octbm8fOosJ2JEwCLcBGAs\/s1600\/IMG-20181214-WA0324.jpg\" imageanchor=\"1\" style=\"margin-left: 1em; margin-right: 1em;\"><img loading=\"lazy\" decoding=\"async\" border=\"0\" data-original-height=\"720\" data-original-width=\"1280\" height=\"360\" src=\"http:\/\/blogdoedvaldomagalhaes.com.br\/wp-content\/uploads\/2018\/12\/IMG-20181214-WA0324.jpg\" width=\"640\" \/><\/a><\/div>\n<p><\/p>\n<div class=\"separator\" style=\"clear: both; text-align: center;\">\n<a href=\"https:\/\/2.bp.blogspot.com\/-4K6Gm907Sh8\/XBQ0g-ATzeI\/AAAAAAAA_xk\/aEqtmxH4Z5cJ_oHVEbGZQKo_-adKKiyQgCLcBGAs\/s1600\/IMG-20181214-WA0325.jpg\" imageanchor=\"1\" style=\"margin-left: 1em; margin-right: 1em;\"><img loading=\"lazy\" decoding=\"async\" border=\"0\" data-original-height=\"720\" data-original-width=\"1280\" height=\"360\" src=\"http:\/\/blogdoedvaldomagalhaes.com.br\/wp-content\/uploads\/2018\/12\/IMG-20181214-WA0325.jpg\" width=\"640\" \/><\/a><\/div>\n<p><\/p>\n<div class=\"separator\" style=\"clear: both; text-align: center;\">\n<a href=\"https:\/\/4.bp.blogspot.com\/-OZ2RztdsTdQ\/XBQ0jAHevfI\/AAAAAAAA_xo\/_x8D_XhsrtwJ2B4CItY-jVEYroJodO8RwCLcBGAs\/s1600\/IMG-20181214-WA0322.jpg\" imageanchor=\"1\" style=\"margin-left: 1em; margin-right: 1em;\"><img loading=\"lazy\" decoding=\"async\" border=\"0\" data-original-height=\"640\" data-original-width=\"640\" height=\"640\" src=\"http:\/\/blogdoedvaldomagalhaes.com.br\/wp-content\/uploads\/2018\/12\/IMG-20181214-WA0322.jpg\" width=\"640\" \/><\/a><\/div>\n<p><\/p>\n<div style=\"text-align: justify;\">\nO acidente entre um P\u00e1lio e um caminh\u00e3o de placas BDM-1833-S\u00e3o Jos\u00e9 da Coroa Grande, ocorreu na tarde desta sexta-feira &nbsp;(14), na Mata do Saltinho, na PE-60, em Tamandar\u00e9. O P\u00e1lio seguia viagem sentido Capital\/Interior e a causa do acidente ainda n\u00e3o foi esclarecida.<\/p>\n<p>O motorista do carro identificado como Ant\u00f4nio Fernando Adv\u00edcula, gerente da loja Magazine Luiza de Barreiros, ficou preso nas ferragens, tendo fratura no f\u00eamur e quebrado tr\u00eas dedos de uma das m\u00e3os, a esposa dele conhecida como Adriana que estava no banco de tr\u00e1s teve escoria\u00e7\u00f5es, &nbsp;j\u00e1 o beb\u00ea do casal de apenas 8 meses &nbsp;nada sofreu e j\u00e1 est\u00e1 em casa. O casal passa por exames em um hospital na Capital Pernambucana.&nbsp;<\/p><\/div>\n<p><\/p>\n<div style=\"text-align: justify;\">\n<div class=\"separator\" style=\"clear: both; text-align: center;\">\n<\/div>\n<p><\/div>\n<p><\/p>\n","protected":false},"excerpt":{"rendered":"<p>O acidente entre um P\u00e1lio e um caminh\u00e3o de placas BDM-1833-S\u00e3o Jos\u00e9 da Coroa Grande, ocorreu na tarde desta sexta-feira&hellip;<\/p>\n","protected":false},"author":1,"featured_media":0,"comment_status":"open","ping_status":"open","sticky":false,"template":"","format":"standard","meta":{"footnotes":""},"categories":[1],"tags":[2,6],"class_list":["post-419","post","type-post","status-publish","format-standard","hentry","category-sem-categoria","tag-blog-do-edvaldo-magalhaes","tag-noticias"],"_links":{"self":[{"href":"https:\/\/blogdoedvaldomagalhaes.com.br\/index.php\/wp-json\/wp\/v2\/posts\/419","targetHints":{"allow":["GET"]}}],"collection":[{"href":"https:\/\/blogdoedvaldomagalhaes.com.br\/index.php\/wp-json\/wp\/v2\/posts"}],"about":[{"href":"https:\/\/blogdoedvaldomagalhaes.com.br\/index.php\/wp-json\/wp\/v2\/types\/post"}],"author":[{"embeddable":true,"href":"https:\/\/blogdoedvaldomagalhaes.com.br\/index.php\/wp-json\/wp\/v2\/users\/1"}],"replies":[{"embeddable":true,"href":"https:\/\/blogdoedvaldomagalhaes.com.br\/index.php\/wp-json\/wp\/v2\/comments?post=419"}],"version-history":[{"count":1,"href":"https:\/\/blogdoedvaldomagalhaes.com.br\/index.php\/wp-json\/wp\/v2\/posts\/419\/revisions"}],"predecessor-version":[{"id":36843,"href":"https:\/\/blogdoedvaldomagalhaes.com.br\/index.php\/wp-json\/wp\/v2\/posts\/419\/revisions\/36843"}],"wp:attachment":[{"href":"https:\/\/blogdoedvaldomagalhaes.com.br\/index.php\/wp-json\/wp\/v2\/media?parent=419"}],"wp:term":[{"taxonomy":"category","embeddable":true,"href":"https:\/\/blogdoedvaldomagalhaes.com.br\/index.php\/wp-json\/wp\/v2\/categories?post=419"},{"taxonomy":"post_tag","embeddable":true,"href":"https:\/\/blogdoedvaldomagalhaes.com.br\/index.php\/wp-json\/wp\/v2\/tags?post=419"}],"curies":[{"name":"wp","href":"https:\/\/api.w.org\/{rel}","templated":true}]}}