{"id":4182,"date":"2017-11-01T17:18:00","date_gmt":"2017-11-01T19:18:00","guid":{"rendered":"http:\/\/blogdoedvaldomagalhaes.com.br\/index.php\/2017\/11\/01\/camara-de-caruaru-homenageia-igrejas\/"},"modified":"2019-02-09T01:51:11","modified_gmt":"2019-02-09T03:51:11","slug":"camara-de-caruaru-homenageia-igrejas","status":"publish","type":"post","link":"https:\/\/blogdoedvaldomagalhaes.com.br\/index.php\/2017\/11\/01\/camara-de-caruaru-homenageia-igrejas\/","title":{"rendered":"C\u00e2mara de Caruaru homenageia Igrejas Hist\u00f3ricas nos 500 anos da Reforma Protestante"},"content":{"rendered":"<div class=\"separator\" style=\"clear: both; text-align: center;\">\n<a href=\"https:\/\/3.bp.blogspot.com\/-hnanPt4ktek\/Wfn9QXkw66I\/AAAAAAAAjFY\/oBX6QVW7zc8M46DTcYwz6XBtcp8hGPElACLcBGAs\/s1600\/1.jpg\" imageanchor=\"1\" style=\"margin-left: 1em; margin-right: 1em;\"><img loading=\"lazy\" decoding=\"async\" border=\"0\" data-original-height=\"721\" data-original-width=\"1024\" height=\"281\" src=\"http:\/\/blogdoedvaldomagalhaes.com.br\/wp-content\/uploads\/2017\/11\/1.jpg\" width=\"400\" \/><\/a><\/div>\n<div class=\"separator\" style=\"clear: both; text-align: center;\">\nFotos: Vladimir Barreto Rodrigues<\/div>\n<p><\/p>\n<div style=\"background-color: white; text-align: justify;\">\nSess\u00e3o solene em homenagem aos 500 anos da Reforma Protestante, foi realizada na noite dessa ter\u00e7a-feira (31), na C\u00e2mara de Vereadores de Caruaru. Foram entregues a Medalha de Honra ao M\u00e9rito &#8220;Pastor J\u00falio Leit\u00e3o&#8221; \u00e0s lideran\u00e7as de igrejas hist\u00f3ricas do munic\u00edpio.<\/div>\n<div style=\"background-color: white; text-align: justify;\">\n<\/div>\n<div style=\"background-color: white; text-align: justify;\">\nA reuni\u00e3o foi presidida pelo presidente da Casa, Lula Torres (PDT), e como secret\u00e1rio, compondo a mesa, o vereador que foi tamb\u00e9m autor da propositura da homenagem, Pb. Andrey Gouveia (PRP).<\/div>\n<div style=\"background-color: white; color: #333333; font-family: Arial, Tahoma, Helvetica, FreeSans, sans-serif; font-size: 14.85px; text-align: justify;\">\n<\/div>\n<div class=\"separator\" style=\"clear: both; text-align: center;\">\n<a href=\"https:\/\/4.bp.blogspot.com\/-ec2hXLhpJMM\/Wfn9SR1KBsI\/AAAAAAAAjFc\/R72DCJnYoD8PZdtUy8PbUni5yH7yW8sewCLcBGAs\/s1600\/2.jpg\" imageanchor=\"1\" style=\"margin-left: 1em; margin-right: 1em;\"><img loading=\"lazy\" decoding=\"async\" border=\"0\" data-original-height=\"721\" data-original-width=\"1024\" height=\"281\" src=\"http:\/\/blogdoedvaldomagalhaes.com.br\/wp-content\/uploads\/2017\/11\/2.jpg\" width=\"400\" \/><\/a><\/div>\n<p><\/p>\n<div style=\"background-color: white; text-align: justify;\">\nO vereador Alberes Lopes (PRP) fez, na abertura, a leitura do salmo 106. Em seguida os vereadores Alberes Lopes (PRP), Pierson Leite (PSD) e Heleno Oscar (PEN) conduziram o presb\u00edtero Valdir Durval, representando a 1\u00aa Igreja Evang\u00e9lica Congregacional de Caruaru e o evangelista Whasington Martinez, representando a Igreja Assembl\u00e9ia de Deus em Caruaru para compor a mesa e receberem posteriormente&nbsp;as Medalhas.<\/div>\n<div style=\"text-align: justify;\">\n<\/div>\n<div class=\"separator\" style=\"clear: both; text-align: center;\">\n<a href=\"https:\/\/2.bp.blogspot.com\/-bps_EyzovUI\/Wfn9SwlyWYI\/AAAAAAAAjFg\/tOUGD8rvvrYpN9mCZ_0q7hv660oCW3_awCLcBGAs\/s1600\/3.jpg\" imageanchor=\"1\" style=\"margin-left: 1em; margin-right: 1em;\"><img loading=\"lazy\" decoding=\"async\" border=\"0\" data-original-height=\"721\" data-original-width=\"1024\" height=\"281\" src=\"http:\/\/blogdoedvaldomagalhaes.com.br\/wp-content\/uploads\/2017\/11\/3.jpg\" width=\"400\" \/><\/a><\/div>\n<div class=\"separator\" style=\"clear: both; text-align: center;\">\n<\/div>\n<div class=\"MsoNormal\" style=\"text-align: justify;\">\nUm<br \/>\nquarteto da igreja Assembl\u00e9ia de Deus fez uma participa\u00e7\u00e3o especial com tr\u00eas<br \/>\nhinos, e foi registrado a presen\u00e7a dos presb\u00edteros Jailson Moraes, Bastos, Daniel Ara\u00fajo, Silas Oliveira, Marcos F\u00e9lix, Welbert Lacerda, Luiz Carlos, e dos evangelistas Hamilton Pereira e Adeilson Silva.<\/div>\n<div class=\"separator\" style=\"clear: both; text-align: center;\">\n<a href=\"https:\/\/4.bp.blogspot.com\/-1pPC0siRt40\/Wfn9TEmydFI\/AAAAAAAAjFk\/5Q90nJUBz_g-4DdZUJ2x1uT3545it0QcwCLcBGAs\/s1600\/4.jpg\" imageanchor=\"1\" style=\"margin-left: 1em; margin-right: 1em;\"><img loading=\"lazy\" decoding=\"async\" border=\"0\" data-original-height=\"721\" data-original-width=\"1024\" height=\"281\" src=\"http:\/\/blogdoedvaldomagalhaes.com.br\/wp-content\/uploads\/2017\/11\/4.jpg\" width=\"400\" \/><\/a><\/div>\n<div class=\"separator\" style=\"clear: both; text-align: center;\">\n<\/div>\n<div style=\"text-align: justify;\">\nFoi exibido tamb\u00e9m um v\u00eddeo alusivo \u00e0 Reforma Protestante. Em seus discursos, os homenageados e o autor da propositura, al\u00e9m de registrar gratid\u00e3o, expressaram a import\u00e2ncia hist\u00f3rica da Reforma Protestante e da contribui\u00e7\u00e3o do povo de Deus, em Caruaru, nos mais diversos setores da vida social. O presidente da Casa, Lula Torres, em suas considera\u00e7\u00f5es finais, refor\u00e7ou a mesma linha de pensamento e acrescentou o valor de preservar a fam\u00edlia, os princ\u00edpios e conceitos da Palavra de Deus.<\/div>\n<div>\n<\/div>\n<div class=\"separator\" style=\"clear: both; text-align: center;\">\n<a href=\"https:\/\/3.bp.blogspot.com\/-2nzJwdLXVgk\/Wfn9UPil7mI\/AAAAAAAAjFo\/aH1_LHaFbYAJSRpAXn6XuuM-y0WSnSqCgCLcBGAs\/s1600\/5.jpg\" imageanchor=\"1\" style=\"margin-left: 1em; margin-right: 1em;\"><img loading=\"lazy\" decoding=\"async\" border=\"0\" data-original-height=\"721\" data-original-width=\"1024\" height=\"281\" src=\"http:\/\/blogdoedvaldomagalhaes.com.br\/wp-content\/uploads\/2017\/11\/5.jpg\" width=\"400\" \/><\/a><\/div>\n<div class=\"separator\" style=\"clear: both; text-align: center;\">\n<\/div>\n<div class=\"MsoNormal\" style=\"text-align: justify;\">\nO<br \/>\nevangelista Hamilton fez uma ora\u00e7\u00e3o e o presb\u00edtero Andrey encerrou a reuni\u00e3o<br \/>\ncom a leitura de vers\u00edculos Salmo 119.<\/div>\n<div class=\"MsoNormal\" style=\"text-align: justify;\">\n<\/div>\n<div class=\"MsoNormal\" style=\"text-align: justify;\">\nFonte: Presentia &#8211; seu canal crist\u00e3o no Agreste de Pernambuco.<\/div>\n<div>\n<\/div>\n","protected":false},"excerpt":{"rendered":"<p>Fotos: Vladimir Barreto Rodrigues Sess\u00e3o solene em homenagem aos 500 anos da Reforma Protestante, foi realizada na noite dessa ter\u00e7a-feira&hellip;<\/p>\n","protected":false},"author":1,"featured_media":0,"comment_status":"open","ping_status":"open","sticky":false,"template":"","format":"standard","meta":{"footnotes":""},"categories":[1],"tags":[2,5142,1686,5143,20],"class_list":["post-4182","post","type-post","status-publish","format-standard","hentry","category-sem-categoria","tag-blog-do-edvaldo-magalhaes","tag-camara-de-caruaru-homenageia-igrejas-historicas-nos-500-anos-da-reforma-protestante","tag-lula-torres","tag-pb-andrey-gouveia","tag-politica"],"_links":{"self":[{"href":"https:\/\/blogdoedvaldomagalhaes.com.br\/index.php\/wp-json\/wp\/v2\/posts\/4182","targetHints":{"allow":["GET"]}}],"collection":[{"href":"https:\/\/blogdoedvaldomagalhaes.com.br\/index.php\/wp-json\/wp\/v2\/posts"}],"about":[{"href":"https:\/\/blogdoedvaldomagalhaes.com.br\/index.php\/wp-json\/wp\/v2\/types\/post"}],"author":[{"embeddable":true,"href":"https:\/\/blogdoedvaldomagalhaes.com.br\/index.php\/wp-json\/wp\/v2\/users\/1"}],"replies":[{"embeddable":true,"href":"https:\/\/blogdoedvaldomagalhaes.com.br\/index.php\/wp-json\/wp\/v2\/comments?post=4182"}],"version-history":[{"count":1,"href":"https:\/\/blogdoedvaldomagalhaes.com.br\/index.php\/wp-json\/wp\/v2\/posts\/4182\/revisions"}],"predecessor-version":[{"id":25756,"href":"https:\/\/blogdoedvaldomagalhaes.com.br\/index.php\/wp-json\/wp\/v2\/posts\/4182\/revisions\/25756"}],"wp:attachment":[{"href":"https:\/\/blogdoedvaldomagalhaes.com.br\/index.php\/wp-json\/wp\/v2\/media?parent=4182"}],"wp:term":[{"taxonomy":"category","embeddable":true,"href":"https:\/\/blogdoedvaldomagalhaes.com.br\/index.php\/wp-json\/wp\/v2\/categories?post=4182"},{"taxonomy":"post_tag","embeddable":true,"href":"https:\/\/blogdoedvaldomagalhaes.com.br\/index.php\/wp-json\/wp\/v2\/tags?post=4182"}],"curies":[{"name":"wp","href":"https:\/\/api.w.org\/{rel}","templated":true}]}}