{"id":4181,"date":"2017-11-01T17:29:00","date_gmt":"2017-11-01T19:29:00","guid":{"rendered":"http:\/\/blogdoedvaldomagalhaes.com.br\/index.php\/2017\/11\/01\/corpo-de-bombeiros-homenageia-e\/"},"modified":"2019-02-09T01:51:12","modified_gmt":"2019-02-09T03:51:12","slug":"corpo-de-bombeiros-homenageia-e","status":"publish","type":"post","link":"https:\/\/blogdoedvaldomagalhaes.com.br\/index.php\/2017\/11\/01\/corpo-de-bombeiros-homenageia-e\/","title":{"rendered":"Corpo de Bombeiros homenageia em Caruaru militares por tempo de servi\u00e7o"},"content":{"rendered":"<div style=\"background-color: white; box-sizing: border-box; font-family: Lato, sans-serif; line-height: 24px; margin-bottom: 10px; text-align: justify;\">\n<div class=\"separator\" style=\"clear: both; text-align: center;\">\n<\/div>\n<div class=\"separator\" style=\"clear: both; text-align: center;\">\n<a href=\"https:\/\/3.bp.blogspot.com\/-HnGXFvGfAyk\/WfoD7d6tgiI\/AAAAAAAAjF8\/MmjbEaC3Mrgj6ROEItZVwUOP-8JeZJGBgCLcBGAs\/s1600\/IMG-20171101-WA0028.jpg\" imageanchor=\"1\" style=\"margin-left: 1em; margin-right: 1em;\"><img loading=\"lazy\" decoding=\"async\" border=\"0\" data-original-height=\"720\" data-original-width=\"1280\" height=\"225\" src=\"http:\/\/blogdoedvaldomagalhaes.com.br\/wp-content\/uploads\/2017\/11\/IMG-20171101-WA0028.jpg\" width=\"400\" \/><\/a><\/div>\n<div class=\"separator\" style=\"clear: both; text-align: center;\">\nFotos: Izaias Rodrigues\/R\u00e1dio Liberdade<\/div>\n<div class=\"separator\" style=\"clear: both; text-align: center;\">\n<a href=\"https:\/\/3.bp.blogspot.com\/-0Noh7jR6CsI\/WfoEED4oS0I\/AAAAAAAAjGA\/T3yhHt70zjkHc0uOr1HSKxNE6kOKqN5xQCLcBGAs\/s1600\/IMG-20171101-WA0024.jpg\" imageanchor=\"1\" style=\"margin-left: 1em; margin-right: 1em;\"><img loading=\"lazy\" decoding=\"async\" border=\"0\" data-original-height=\"720\" data-original-width=\"1280\" height=\"225\" src=\"http:\/\/blogdoedvaldomagalhaes.com.br\/wp-content\/uploads\/2017\/11\/IMG-20171101-WA0024.jpg\" width=\"400\" \/><\/a><\/div>\n<p><\/p>\n<div class=\"separator\" style=\"clear: both; text-align: center;\">\n<a href=\"https:\/\/3.bp.blogspot.com\/-OOGqNb_zJeA\/WfoELFF9pyI\/AAAAAAAAjGE\/u5UBhBxxaywVtdMVoKNbowb0ysVg07oZwCLcBGAs\/s1600\/IMG-20171101-WA0025.jpg\" imageanchor=\"1\" style=\"margin-left: 1em; margin-right: 1em;\"><img loading=\"lazy\" decoding=\"async\" border=\"0\" data-original-height=\"720\" data-original-width=\"1280\" height=\"225\" src=\"http:\/\/blogdoedvaldomagalhaes.com.br\/wp-content\/uploads\/2017\/11\/IMG-20171101-WA0025.jpg\" width=\"400\" \/><\/a><\/div>\n<p><\/p>\n<div class=\"separator\" style=\"clear: both; text-align: center;\">\n<a href=\"https:\/\/1.bp.blogspot.com\/-awODtOeBO6s\/WfoERWot8BI\/AAAAAAAAjGI\/elcDzM7HPNIfivFfaQlCUYONhVzyzTbqgCLcBGAs\/s1600\/IMG-20171101-WA0027.jpg\" imageanchor=\"1\" style=\"margin-left: 1em; margin-right: 1em;\"><img loading=\"lazy\" decoding=\"async\" border=\"0\" data-original-height=\"720\" data-original-width=\"1280\" height=\"225\" src=\"http:\/\/blogdoedvaldomagalhaes.com.br\/wp-content\/uploads\/2017\/11\/IMG-20171101-WA0027.jpg\" width=\"400\" \/><\/a><\/div>\n<p><\/p>\n<div class=\"separator\" style=\"clear: both; text-align: center;\">\n<a href=\"https:\/\/1.bp.blogspot.com\/-H7kmWia3J40\/WfoEaHrWRSI\/AAAAAAAAjGM\/rzN_fDFfLQ0gk_1xwYAS-uQMEG-YR-IsQCLcBGAs\/s1600\/IMG-20171101-WA0023.jpg\" imageanchor=\"1\" style=\"margin-left: 1em; margin-right: 1em;\"><img loading=\"lazy\" decoding=\"async\" border=\"0\" data-original-height=\"768\" data-original-width=\"1024\" height=\"300\" src=\"http:\/\/blogdoedvaldomagalhaes.com.br\/wp-content\/uploads\/2017\/11\/IMG-20171101-WA0023.jpg\" width=\"400\" \/><\/a><\/div>\n<p><\/div>\n<div style=\"background-color: white; box-sizing: border-box; font-family: Lato, sans-serif; line-height: 24px; margin-bottom: 10px; text-align: justify;\">\nEm solenidade bastante prestigiada, o 2\u00ba Grupamento do Corpo de Bombeiros, sediado em Caruaru, prestou homenagem com entrega de medalhas por tempo de servi\u00e7o aos militares. O evento aconteceu no audit\u00f3rio da Faculdade UNINASSAU, na manh\u00e3 desta quarta-feira (01).<\/div>\n<div style=\"background-color: white; box-sizing: border-box; font-family: Lato, sans-serif; line-height: 24px; margin-bottom: 10px; text-align: justify;\">\nV\u00e1rias autoridades civis e militares compareceram \u00e0 solenidade, entre elas, a prefeita de Caruaru Raquel Lyra (PSDB), o prefeito de Bezerros Severino Ot\u00e1vio (PSB) e Joaquim Neto (PSDB). A R\u00e1dio Liberdade foi representada pelo gerente de Programa\u00e7\u00e3o, S\u00f3crates da Silva, que recebeu certificado de colaborador.<\/div>\n","protected":false},"excerpt":{"rendered":"<p>Fotos: Izaias Rodrigues\/R\u00e1dio Liberdade Em solenidade bastante prestigiada, o 2\u00ba Grupamento do Corpo de Bombeiros, sediado em Caruaru, prestou homenagem&hellip;<\/p>\n","protected":false},"author":1,"featured_media":0,"comment_status":"open","ping_status":"open","sticky":false,"template":"","format":"standard","meta":{"footnotes":""},"categories":[1],"tags":[1548,2,3516,5141,551,6,1229,3519],"class_list":["post-4181","post","type-post","status-publish","format-standard","hentry","category-sem-categoria","tag-bezerros","tag-blog-do-edvaldo-magalhaes","tag-branquinho","tag-corpo-de-bombeiros-homenageia-em-caruaru-militares-por-tempo-de-servico","tag-gravata","tag-noticias","tag-raquel-lyra","tag-severino-otavio"],"_links":{"self":[{"href":"https:\/\/blogdoedvaldomagalhaes.com.br\/index.php\/wp-json\/wp\/v2\/posts\/4181","targetHints":{"allow":["GET"]}}],"collection":[{"href":"https:\/\/blogdoedvaldomagalhaes.com.br\/index.php\/wp-json\/wp\/v2\/posts"}],"about":[{"href":"https:\/\/blogdoedvaldomagalhaes.com.br\/index.php\/wp-json\/wp\/v2\/types\/post"}],"author":[{"embeddable":true,"href":"https:\/\/blogdoedvaldomagalhaes.com.br\/index.php\/wp-json\/wp\/v2\/users\/1"}],"replies":[{"embeddable":true,"href":"https:\/\/blogdoedvaldomagalhaes.com.br\/index.php\/wp-json\/wp\/v2\/comments?post=4181"}],"version-history":[{"count":1,"href":"https:\/\/blogdoedvaldomagalhaes.com.br\/index.php\/wp-json\/wp\/v2\/posts\/4181\/revisions"}],"predecessor-version":[{"id":25762,"href":"https:\/\/blogdoedvaldomagalhaes.com.br\/index.php\/wp-json\/wp\/v2\/posts\/4181\/revisions\/25762"}],"wp:attachment":[{"href":"https:\/\/blogdoedvaldomagalhaes.com.br\/index.php\/wp-json\/wp\/v2\/media?parent=4181"}],"wp:term":[{"taxonomy":"category","embeddable":true,"href":"https:\/\/blogdoedvaldomagalhaes.com.br\/index.php\/wp-json\/wp\/v2\/categories?post=4181"},{"taxonomy":"post_tag","embeddable":true,"href":"https:\/\/blogdoedvaldomagalhaes.com.br\/index.php\/wp-json\/wp\/v2\/tags?post=4181"}],"curies":[{"name":"wp","href":"https:\/\/api.w.org\/{rel}","templated":true}]}}