{"id":4180,"date":"2017-11-01T17:43:00","date_gmt":"2017-11-01T19:43:00","guid":{"rendered":"http:\/\/blogdoedvaldomagalhaes.com.br\/index.php\/2017\/11\/01\/casas-as-margens-do-rio-ipojuca-e\/"},"modified":"2019-02-09T01:51:12","modified_gmt":"2019-02-09T03:51:12","slug":"casas-as-margens-do-rio-ipojuca-e","status":"publish","type":"post","link":"https:\/\/blogdoedvaldomagalhaes.com.br\/index.php\/2017\/11\/01\/casas-as-margens-do-rio-ipojuca-e\/","title":{"rendered":"Casas \u00e0s margens do Rio Ipojuca em Caruaru s\u00e3o demolidas"},"content":{"rendered":"<div class=\"separator\" style=\"clear: both; text-align: center;\">\n<a href=\"https:\/\/2.bp.blogspot.com\/-qYBme4fs9cw\/WfoF28-5p1I\/AAAAAAAAjGg\/YsInNleVGyQt9ri-1YBJ2x1dPyczh4m-ACLcBGAs\/s1600\/casa%2B3.jpg\" imageanchor=\"1\" style=\"margin-left: 1em; margin-right: 1em;\"><img loading=\"lazy\" decoding=\"async\" border=\"0\" data-original-height=\"498\" data-original-width=\"1000\" height=\"196\" src=\"http:\/\/blogdoedvaldomagalhaes.com.br\/wp-content\/uploads\/2017\/11\/casa3.jpg\" width=\"400\" \/><\/a><\/div>\n<div class=\"separator\" style=\"clear: both; text-align: center;\">\nFotos: Izaias Rodrigues\/R\u00e1dio Liberdade<\/div>\n<div class=\"separator\" style=\"clear: both; text-align: center;\">\n<\/div>\n<div style=\"background-color: white; box-sizing: border-box; line-height: 24px; margin-bottom: 10px; text-align: justify;\">\n<\/div>\n<div style=\"background-color: white; box-sizing: border-box; line-height: 24px; margin-bottom: 10px; text-align: justify;\">\nIntegrantes de v\u00e1rias secretarias da Prefeitura de Caruaru estiveram na manh\u00e3 desta quarta-feira (1\u00ba), em uma \u00e1rea ribeirnha do bairro Inocoop, onde v\u00e1rias casas foram demolidas. Segundo informa\u00e7\u00f5es, 61 fam\u00edlias moravam no local h\u00e1 mais de 30 anos, e dessas, 45 fam\u00edlias fizeram o financiamento do programa Minha Casa Minha Vida, mas muitas delas n\u00e3o t\u00eam condi\u00e7\u00f5es de arcar com o programa. Outras 16 fam\u00edlias aguardam aux\u00edlio moradia por parte da prefeitura.<\/div>\n<div class=\"separator\" style=\"clear: both; text-align: center;\">\n<a href=\"https:\/\/2.bp.blogspot.com\/-p26V-fXaX_Q\/WfoFyIbDZEI\/AAAAAAAAjGc\/dz5SmRo3g80V0r-SvlH2tHn1inCKghinwCEwYBhgL\/s1600\/casa%2B2.jpg\" imageanchor=\"1\" style=\"margin-left: 1em; margin-right: 1em;\"><img loading=\"lazy\" decoding=\"async\" border=\"0\" data-original-height=\"563\" data-original-width=\"1000\" height=\"225\" src=\"http:\/\/blogdoedvaldomagalhaes.com.br\/wp-content\/uploads\/2017\/11\/casa2.jpg\" width=\"400\" \/><\/a><\/div>\n<div style=\"background-color: white; box-sizing: border-box; line-height: 24px; margin-bottom: 10px; text-align: justify;\">\n<\/div>\n<div style=\"background-color: white; box-sizing: border-box; line-height: 24px; margin-bottom: 10px; text-align: justify;\">\nA senten\u00e7a judicial esclarece que as casas s\u00f3 podem ser demolidas ap\u00f3s a reloca\u00e7\u00e3o das fam\u00edlias que constru\u00edram \u00e0s margens do Rio Ipojuca. A advogada Edjane Monteiro, representando a OAB, esteve no local para evitar que as resid\u00eancias sejam demolidas sem que as fam\u00edlias sejam abrigadas pela Prefeitura em outra localidade.<\/div>\n<div class=\"separator\" style=\"clear: both; text-align: center;\">\n<a href=\"https:\/\/1.bp.blogspot.com\/-g9rtHqEjceQ\/WfoF_IUdlDI\/AAAAAAAAjGk\/Uxv1VxppKYQ5n-GH5kAZrCrGvrh3DfiBQCLcBGAs\/s1600\/casa%2B1.jpg\" imageanchor=\"1\" style=\"margin-left: 1em; margin-right: 1em;\"><img loading=\"lazy\" decoding=\"async\" border=\"0\" data-original-height=\"563\" data-original-width=\"1000\" height=\"225\" src=\"http:\/\/blogdoedvaldomagalhaes.com.br\/wp-content\/uploads\/2017\/11\/casa1.jpg\" width=\"400\" \/><\/a><\/div>\n<div style=\"background-color: white; box-sizing: border-box; line-height: 24px; margin-bottom: 10px; text-align: justify;\">\n<\/div>\n","protected":false},"excerpt":{"rendered":"<p>Fotos: Izaias Rodrigues\/R\u00e1dio Liberdade Integrantes de v\u00e1rias secretarias da Prefeitura de Caruaru estiveram na manh\u00e3 desta quarta-feira (1\u00ba), em uma&hellip;<\/p>\n","protected":false},"author":1,"featured_media":0,"comment_status":"open","ping_status":"open","sticky":false,"template":"","format":"standard","meta":{"footnotes":""},"categories":[1],"tags":[2498,2,5140,6],"class_list":["post-4180","post","type-post","status-publish","format-standard","hentry","category-sem-categoria","tag-bairro-inocoop","tag-blog-do-edvaldo-magalhaes","tag-casas-as-margens-do-rio-ipojuca-em-caruaru-sao-demolidas","tag-noticias"],"_links":{"self":[{"href":"https:\/\/blogdoedvaldomagalhaes.com.br\/index.php\/wp-json\/wp\/v2\/posts\/4180","targetHints":{"allow":["GET"]}}],"collection":[{"href":"https:\/\/blogdoedvaldomagalhaes.com.br\/index.php\/wp-json\/wp\/v2\/posts"}],"about":[{"href":"https:\/\/blogdoedvaldomagalhaes.com.br\/index.php\/wp-json\/wp\/v2\/types\/post"}],"author":[{"embeddable":true,"href":"https:\/\/blogdoedvaldomagalhaes.com.br\/index.php\/wp-json\/wp\/v2\/users\/1"}],"replies":[{"embeddable":true,"href":"https:\/\/blogdoedvaldomagalhaes.com.br\/index.php\/wp-json\/wp\/v2\/comments?post=4180"}],"version-history":[{"count":1,"href":"https:\/\/blogdoedvaldomagalhaes.com.br\/index.php\/wp-json\/wp\/v2\/posts\/4180\/revisions"}],"predecessor-version":[{"id":25766,"href":"https:\/\/blogdoedvaldomagalhaes.com.br\/index.php\/wp-json\/wp\/v2\/posts\/4180\/revisions\/25766"}],"wp:attachment":[{"href":"https:\/\/blogdoedvaldomagalhaes.com.br\/index.php\/wp-json\/wp\/v2\/media?parent=4180"}],"wp:term":[{"taxonomy":"category","embeddable":true,"href":"https:\/\/blogdoedvaldomagalhaes.com.br\/index.php\/wp-json\/wp\/v2\/categories?post=4180"},{"taxonomy":"post_tag","embeddable":true,"href":"https:\/\/blogdoedvaldomagalhaes.com.br\/index.php\/wp-json\/wp\/v2\/tags?post=4180"}],"curies":[{"name":"wp","href":"https:\/\/api.w.org\/{rel}","templated":true}]}}