{"id":4178,"date":"2017-11-01T21:08:00","date_gmt":"2017-11-01T23:08:00","guid":{"rendered":"http:\/\/blogdoedvaldomagalhaes.com.br\/index.php\/2017\/11\/01\/gerente-de-futebol-adriano-coelho-volta\/"},"modified":"2019-02-09T01:51:12","modified_gmt":"2019-02-09T03:51:12","slug":"gerente-de-futebol-adriano-coelho-volta","status":"publish","type":"post","link":"https:\/\/blogdoedvaldomagalhaes.com.br\/index.php\/2017\/11\/01\/gerente-de-futebol-adriano-coelho-volta\/","title":{"rendered":"Gerente de Futebol Adriano Coelho volta ao Central de Caruaru"},"content":{"rendered":"<div class=\"separator\" style=\"clear: both; text-align: center;\">\n<\/div>\n<div class=\"separator\" style=\"clear: both; text-align: center;\">\n<a href=\"https:\/\/2.bp.blogspot.com\/-7ytN_zU6_wo\/Wfo3QIKYWlI\/AAAAAAAAjHw\/cZk2JKwrhbAMIWJQ3O7wWTvg_ToerLkMACLcBGAs\/s1600\/adriano.jpg\" imageanchor=\"1\" style=\"margin-left: 1em; margin-right: 1em;\"><img loading=\"lazy\" decoding=\"async\" border=\"0\" data-original-height=\"300\" data-original-width=\"298\" height=\"400\" src=\"http:\/\/blogdoedvaldomagalhaes.com.br\/wp-content\/uploads\/2017\/11\/adriano.jpg\" width=\"396\" \/><\/a><\/div>\n<p><\/p>\n<div style=\"background-color: white; border: 0px; margin-bottom: 1.5em; outline: 0px; padding: 0px; text-align: justify; vertical-align: baseline;\">\nO Gerente de Futebol de Adriano Coelho, est\u00e1 de volta ao Central de Caruaru.&nbsp;<\/div>\n<div style=\"background-color: white; border: 0px; margin-bottom: 1.5em; outline: 0px; padding: 0px; text-align: justify; vertical-align: baseline;\">\n<b>HIST\u00d3RICO PROFISSIONAL<\/b><\/div>\n<div style=\"background-color: white; border: 0px; margin-bottom: 1.5em; outline: 0px; padding: 0px; vertical-align: baseline;\">\n<\/div>\n<div style=\"text-align: justify;\">\nClube: Ceil\u00e2ndia Esporte Clube- DF Temporada: 2017 Campeonato Estadual e S\u00e9rie DBrasileiro<\/div>\n<div style=\"text-align: justify;\">\nClube: Ceil\u00e2ndia Esporte Clube -DF Temporada: 2016 S\u00e9rie D- Brasileiro<\/div>\n<div style=\"text-align: justify;\">\nClube: Central Sport Club \u2013 PE Temporada : 2015 S\u00e9rie D \u2013 Brasileiro<\/div>\n<div style=\"text-align: justify;\">\nClube: Caldas Novas Atl\u00e9tico Clube \u2013 GO Temporada : 2013 e 2\u00ba semestre de 2014<\/div>\n<div style=\"text-align: justify;\">\nClube: Central Esporte Clube \u2013 PE Temporada : 2013 1\u00ba Campeonato Pernambucano<\/div>\n<div style=\"text-align: justify;\">\nClube: Ceil\u00e2ndia Esporte Clube \u2013 DF Temporada : 2012 Brasiliense 2010- Campe\u00e3o<\/div>\n<div style=\"text-align: justify;\">\nBrasiliense 2005- Vice Campe\u00e3o;<\/div>\n<div style=\"text-align: justify;\">\nClube: Cinc\u00e3o Esporte Clube \u2013 PR Temporada : 2011 Paranaense \u2013 acesso da 3\u00ba p\/ 2\u00ba<\/div>\n<div style=\"text-align: justify;\">\ndivis\u00e3o e da \/ para 1\u00ba divis\u00e3o;<\/div>\n<div style=\"text-align: justify;\">\nClube: Ceil\u00e2ndia Esporte Clube \u2013 DF Temporada: 2010 Campe\u00e3o Brasiliense;<\/div>\n<div style=\"text-align: justify;\">\nClube: Londrina Esporte Clube \u2013 PR Temporada : 2009 Campeonato Estadual \u2013 S\u00e9rie D;<\/div>\n<div style=\"text-align: justify;\">\nClube: Legi\u00e3o Esporte Clube \u2013 DF Temporada : 2008 Campeonato Brasiliense;<\/div>\n<div style=\"text-align: justify;\">\nClube: Noroeste Esporte Clube -SP Temporada : 2007 \/ 2006 Campeonato Paulista<\/div>\n<div style=\"text-align: justify;\">\nS\u00e9rie A1;<\/div>\n<div style=\"text-align: justify;\">\nClube: Ceil\u00e2ndia Esporte Clube \u2013 DF Temporada : 2005 Vice Campe\u00e3o Brasiliense;<\/div>\n<div style=\"text-align: justify;\">\nClube: Portuguesa londrina \u2013 PR Temporada : 2004 acesso da 2\u00ba para 1\u00ba divis\u00e3o;<\/div>\n<div style=\"text-align: justify;\">\nClube: Londrina Esporte clube \u2013 PR Temporada : 2003 \/ 2002 Campeonato Brasileiro<\/div>\n<div style=\"text-align: justify;\">\nS\u00e9rie B;<\/div>\n<div style=\"text-align: justify;\">\nClube: S\u00e3o Bento Esporte Clube \u2013 SP Temporada : 2001\/ 2000 1\u00ba Semestre Camp.<\/div>\n<div style=\"text-align: justify;\">\nPaulista S\u00e9rie A3 acesso p\/ A2 a p\/ A1;<\/div>\n<div style=\"text-align: justify;\">\nClube: ECUS Suzano \u2013 SP Temporada : 2000 2\u00ba semestre Campeonato Paulista<\/div>\n<div style=\"text-align: justify;\">\nS\u00e9rie A1;<\/div>\n<div style=\"text-align: justify;\">\nClube: Unibol \u2013 PE Temporada : 1999 Campeonato Estadual e S\u00e9rie C.<\/div>\n","protected":false},"excerpt":{"rendered":"<p>O Gerente de Futebol de Adriano Coelho, est\u00e1 de volta ao Central de Caruaru.&nbsp; HIST\u00d3RICO PROFISSIONAL Clube: Ceil\u00e2ndia Esporte Clube-&hellip;<\/p>\n","protected":false},"author":1,"featured_media":0,"comment_status":"open","ping_status":"open","sticky":false,"template":"","format":"standard","meta":{"footnotes":""},"categories":[1],"tags":[2,3,5138],"class_list":["post-4178","post","type-post","status-publish","format-standard","hentry","category-sem-categoria","tag-blog-do-edvaldo-magalhaes","tag-futebol","tag-gerente-de-futebol-adriano-coelho-volta-ao-central-de-caruaru"],"_links":{"self":[{"href":"https:\/\/blogdoedvaldomagalhaes.com.br\/index.php\/wp-json\/wp\/v2\/posts\/4178","targetHints":{"allow":["GET"]}}],"collection":[{"href":"https:\/\/blogdoedvaldomagalhaes.com.br\/index.php\/wp-json\/wp\/v2\/posts"}],"about":[{"href":"https:\/\/blogdoedvaldomagalhaes.com.br\/index.php\/wp-json\/wp\/v2\/types\/post"}],"author":[{"embeddable":true,"href":"https:\/\/blogdoedvaldomagalhaes.com.br\/index.php\/wp-json\/wp\/v2\/users\/1"}],"replies":[{"embeddable":true,"href":"https:\/\/blogdoedvaldomagalhaes.com.br\/index.php\/wp-json\/wp\/v2\/comments?post=4178"}],"version-history":[{"count":1,"href":"https:\/\/blogdoedvaldomagalhaes.com.br\/index.php\/wp-json\/wp\/v2\/posts\/4178\/revisions"}],"predecessor-version":[{"id":25770,"href":"https:\/\/blogdoedvaldomagalhaes.com.br\/index.php\/wp-json\/wp\/v2\/posts\/4178\/revisions\/25770"}],"wp:attachment":[{"href":"https:\/\/blogdoedvaldomagalhaes.com.br\/index.php\/wp-json\/wp\/v2\/media?parent=4178"}],"wp:term":[{"taxonomy":"category","embeddable":true,"href":"https:\/\/blogdoedvaldomagalhaes.com.br\/index.php\/wp-json\/wp\/v2\/categories?post=4178"},{"taxonomy":"post_tag","embeddable":true,"href":"https:\/\/blogdoedvaldomagalhaes.com.br\/index.php\/wp-json\/wp\/v2\/tags?post=4178"}],"curies":[{"name":"wp","href":"https:\/\/api.w.org\/{rel}","templated":true}]}}