{"id":4177,"date":"2017-11-01T21:18:00","date_gmt":"2017-11-01T23:18:00","guid":{"rendered":"http:\/\/blogdoedvaldomagalhaes.com.br\/index.php\/2017\/11\/01\/xvi-jogos-escolares-municipais-de\/"},"modified":"2019-02-09T01:51:13","modified_gmt":"2019-02-09T03:51:13","slug":"xvi-jogos-escolares-municipais-de","status":"publish","type":"post","link":"https:\/\/blogdoedvaldomagalhaes.com.br\/index.php\/2017\/11\/01\/xvi-jogos-escolares-municipais-de\/","title":{"rendered":"XVI Jogos Escolares Municipais de Caruaru come\u00e7am segunda (06)"},"content":{"rendered":"<div class=\"separator\" style=\"clear: both; text-align: center;\">\n<a href=\"https:\/\/4.bp.blogspot.com\/-ajgws4ov6N8\/Wfo6EHgdvTI\/AAAAAAAAjIE\/6PxZckeujHECT44g-ayEaAlfhzz3B7X9wCLcBGAs\/s1600\/jogos.jpeg\" imageanchor=\"1\" style=\"margin-left: 1em; margin-right: 1em;\"><img loading=\"lazy\" decoding=\"async\" border=\"0\" data-original-height=\"390\" data-original-width=\"690\" height=\"225\" src=\"http:\/\/blogdoedvaldomagalhaes.com.br\/wp-content\/uploads\/2017\/11\/jogos.jpeg\" width=\"400\" \/><\/a><\/div>\n<div style=\"text-align: justify;\">\n<\/div>\n<div style=\"text-align: justify;\">\nOs Jogos Escolares Municipais de Caruaru retornam ap\u00f3s dois anos de intervalo com a XVI edi\u00e7\u00e3o do evento, que \u00e9 considerado como a maior competi\u00e7\u00e3o esportiva do interior de Pernambuco. O Gin\u00e1sio Municipal de Esportes Professor Erlandsen Rodrigues da Silva (Col\u00e9gio Municipal) ser\u00e1 um dos locais das competi\u00e7\u00f5es e ir\u00e1 sediar na pr\u00f3xima segunda a cerim\u00f4nia de abertura, a partir das 15h. Para esta edi\u00e7\u00e3o, j\u00e1 s\u00e3o mais de 4.000 alunos\/atletas inscritos de 69 institui\u00e7\u00f5es de ensino das redes federal, estadual, municipal e particular.<\/div>\n<div style=\"text-align: justify;\">\n<\/div>\n<div style=\"text-align: justify;\">\nA cerim\u00f4nia de abertura contar\u00e1 com os protocolos oficiais que incluem a tocha ol\u00edmpica, juramento do atleta e desfile das delega\u00e7\u00f5es. Ser\u00e1 um evento aberto ao p\u00fablico com um n\u00famero estimado de 4000 pessoas. Cerca de 120 alunos da rede municipal ir\u00e3o fazer apresenta\u00e7\u00f5es de declama\u00e7\u00e3o, dan\u00e7a e coreografias, sobre os temas vivenciados em sala de aula, nas tr\u00eas primeiras unidades de ensino.<\/div>\n<div style=\"text-align: justify;\">\n<\/div>\n<div style=\"text-align: justify;\">\nNesta edi\u00e7\u00e3o dos JEMC ser\u00e3o trazidas de volta as modalidades de karate e jud\u00f4, que nas \u00faltimas edi\u00e7\u00f5es n\u00e3o foram contempladas. Outra novidade \u00e9 a inser\u00e7\u00e3o dos Festivais Esportivos, Mini Esportes e do Desporto Paral\u00edmpico que contar\u00e1 com mais de 600 alunos com defici\u00eancia da rede municipal, proporcionando assim, a participa\u00e7\u00e3o efetiva de um grupo abrangente de alunos-atletas.<\/div>\n<div style=\"text-align: justify;\">\nOs estudantes ir\u00e3o competir nas categorias pr\u00e9-mirim, mirim, infantil e juvenil, no feminino e masculino.&nbsp;Al\u00e9m de futsal, que entra como esporte n\u00e3o ol\u00edmpico, a competi\u00e7\u00e3o ir\u00e1 contar com disputas em 12 modalidades ol\u00edmpicas: futebol de campo, voleibol, handebol, basquetebol, nata\u00e7\u00e3o, atletismo, jud\u00f4, karat\u00ea, xadrez, t\u00eanis de mesa, badmintom e v\u00f4lei de areia. Como modalidades paral\u00edmpicas est\u00e3o inclu\u00eddas futsal para deficientes auditivos, atletismo, t\u00eanis de mesa, jud\u00f4 e bocha.<\/div>\n<div style=\"text-align: justify;\">\n<\/div>\n<div style=\"text-align: justify;\">\nOs jogos acontecer\u00e3o diariamente no per\u00edodo da manh\u00e3 e tarde, no Gin\u00e1sio Municipal de Esportes, nas quadras dos col\u00e9gios Motivo e Atual e da Escola Municipal Altair Porto. A quadra de areia do Bairro Boa Vista II (COHAB II), a pista de atletismo e o campo de futebol do Col\u00e9gio Municipal \u00c1lvaro Lins, assim como o Parque Aqu\u00e1tico Municipal tamb\u00e9m receber\u00e3o as competi\u00e7\u00f5es.<\/div>\n","protected":false},"excerpt":{"rendered":"<p>Os Jogos Escolares Municipais de Caruaru retornam ap\u00f3s dois anos de intervalo com a XVI edi\u00e7\u00e3o do evento, que \u00e9&hellip;<\/p>\n","protected":false},"author":1,"featured_media":0,"comment_status":"open","ping_status":"open","sticky":false,"template":"","format":"standard","meta":{"footnotes":""},"categories":[1],"tags":[2,3,5137],"class_list":["post-4177","post","type-post","status-publish","format-standard","hentry","category-sem-categoria","tag-blog-do-edvaldo-magalhaes","tag-futebol","tag-xvi-jogos-escolares-municipais-de-caruaru-comecam-segunda-06"],"_links":{"self":[{"href":"https:\/\/blogdoedvaldomagalhaes.com.br\/index.php\/wp-json\/wp\/v2\/posts\/4177","targetHints":{"allow":["GET"]}}],"collection":[{"href":"https:\/\/blogdoedvaldomagalhaes.com.br\/index.php\/wp-json\/wp\/v2\/posts"}],"about":[{"href":"https:\/\/blogdoedvaldomagalhaes.com.br\/index.php\/wp-json\/wp\/v2\/types\/post"}],"author":[{"embeddable":true,"href":"https:\/\/blogdoedvaldomagalhaes.com.br\/index.php\/wp-json\/wp\/v2\/users\/1"}],"replies":[{"embeddable":true,"href":"https:\/\/blogdoedvaldomagalhaes.com.br\/index.php\/wp-json\/wp\/v2\/comments?post=4177"}],"version-history":[{"count":1,"href":"https:\/\/blogdoedvaldomagalhaes.com.br\/index.php\/wp-json\/wp\/v2\/posts\/4177\/revisions"}],"predecessor-version":[{"id":25772,"href":"https:\/\/blogdoedvaldomagalhaes.com.br\/index.php\/wp-json\/wp\/v2\/posts\/4177\/revisions\/25772"}],"wp:attachment":[{"href":"https:\/\/blogdoedvaldomagalhaes.com.br\/index.php\/wp-json\/wp\/v2\/media?parent=4177"}],"wp:term":[{"taxonomy":"category","embeddable":true,"href":"https:\/\/blogdoedvaldomagalhaes.com.br\/index.php\/wp-json\/wp\/v2\/categories?post=4177"},{"taxonomy":"post_tag","embeddable":true,"href":"https:\/\/blogdoedvaldomagalhaes.com.br\/index.php\/wp-json\/wp\/v2\/tags?post=4177"}],"curies":[{"name":"wp","href":"https:\/\/api.w.org\/{rel}","templated":true}]}}