{"id":4176,"date":"2017-11-01T23:15:00","date_gmt":"2017-11-02T01:15:00","guid":{"rendered":"http:\/\/blogdoedvaldomagalhaes.com.br\/index.php\/2017\/11\/01\/comandantes-aderem-ao-projeto-solidario\/"},"modified":"2019-02-09T01:51:14","modified_gmt":"2019-02-09T03:51:14","slug":"comandantes-aderem-ao-projeto-solidario","status":"publish","type":"post","link":"https:\/\/blogdoedvaldomagalhaes.com.br\/index.php\/2017\/11\/01\/comandantes-aderem-ao-projeto-solidario\/","title":{"rendered":"Comandantes aderem ao projeto solid\u00e1rio \u201cPol\u00edcia Amiga em Natal Sem Fome\u201d"},"content":{"rendered":"<div class=\"separator\" style=\"clear: both; text-align: center;\">\n<a href=\"https:\/\/2.bp.blogspot.com\/-GaHVrIfyv10\/WfpVcPgLNjI\/AAAAAAAAjIc\/WQDvTE6pWl4xcvvCkmCrZDHclcRokhEOACLcBGAs\/s1600\/pm.jpg\" imageanchor=\"1\" style=\"margin-left: 1em; margin-right: 1em;\"><img loading=\"lazy\" decoding=\"async\" border=\"0\" data-original-height=\"501\" data-original-width=\"1000\" height=\"200\" src=\"http:\/\/blogdoedvaldomagalhaes.com.br\/wp-content\/uploads\/2017\/11\/pm.jpg\" width=\"400\" \/><\/a><\/div>\n<div class=\"separator\" style=\"clear: both; text-align: center;\">\n<\/div>\n<div style=\"background-color: white; box-sizing: border-box; line-height: 24px; margin-bottom: 10px; text-align: justify;\">\nVem crescendo a cada dia o n\u00famero de pessoas envolvidas e aderindo ao projeto solid\u00e1rio \u201cPol\u00edcia Amiga em Natal Sem Fome\u201d. O evento ser\u00e1 realizado no m\u00eas de dezembro em Nova Jerusal\u00e9m \u2013 Fazenda Nova.<\/div>\n<div style=\"background-color: white; box-sizing: border-box; line-height: 24px; margin-bottom: 10px; text-align: justify;\">\nEsta semana, comandantes de Batalh\u00f5es se reuniram na Dinter 1, em Caruaru, para definir as a\u00e7\u00f5es da troca de ingressos por alimentos nas unidades. A comiss\u00e3o do evento, que tem \u00e0 frente a produtora Nena Pacheco, tamb\u00e9m realizou reuni\u00e3o sobre implanta\u00e7\u00e3o em Brejo da Madre de Deus e no Distrito de S\u00e3o Domingos dos postos de troca de ingressos.<\/div>\n<div class=\"separator\" style=\"clear: both; text-align: center;\">\n<a href=\"https:\/\/3.bp.blogspot.com\/-IT0ynfu0an4\/WfpVc94qJxI\/AAAAAAAAjIg\/aYQEhPE2EzYSGkqTpRZsAmy3rVl6bAiuwCLcBGAs\/s1600\/pmpe.jpg\" imageanchor=\"1\" style=\"margin-left: 1em; margin-right: 1em;\"><img loading=\"lazy\" decoding=\"async\" border=\"0\" data-original-height=\"500\" data-original-width=\"1000\" height=\"196\" src=\"http:\/\/blogdoedvaldomagalhaes.com.br\/wp-content\/uploads\/2017\/11\/pmpe.jpg\" width=\"400\" \/><\/a><\/div>\n<div class=\"separator\" style=\"clear: both; text-align: center;\">\n<\/div>\n<div style=\"background-color: white; box-sizing: border-box; line-height: 24px; margin-bottom: 10px; text-align: justify;\">\nO espet\u00e1culo, que ter\u00e1 programa\u00e7\u00e3o especial, vai abrir com coreografia dos cavalos do Regimento de Pol\u00edcia Montada. Os artistas que estar\u00e3o no palco s\u00e3o policiais militares e todos fardados, m\u00fasicos e cantores.<\/div>\n<div style=\"background-color: white; box-sizing: border-box; line-height: 24px; margin-bottom: 10px; text-align: justify;\">\nEntre as atra\u00e7\u00f5es, Banda Sinf\u00f4nica, Grupo de Chorinho, Conjunto de Brega e Pagode, Big Ben Jazz, Tenor Jefferson Bento, Trio de Forr\u00f3, Banda de M\u00fasica, Orquestra de Frevo e participa\u00e7\u00e3o especial de Savinho do Acordeon e Daniel Gonzag\u00e3o.<\/div>\n<div style=\"background-color: white; box-sizing: border-box; line-height: 24px; margin-bottom: 10px; text-align: justify;\">\nEm parceria com a Sociedade Teatral de Fazenda Nova \u2013 Nova Jerusal\u00e9m e com o apoio cultural da Prefeitura do Brejo da Madre de Deus, o evento acontecer\u00e1 no dia 16 de dezembro, \u00e0s 19h, no F\u00f3rum de Pilatos do maior teatro ao ar livre do mundo, em Fazenda Nova, Brejo da Madre de Deus. A abertura dos port\u00f5es ser\u00e1 \u00e0s 18h e a entrada 2 quilos de alimentos.<\/div>\n","protected":false},"excerpt":{"rendered":"<p>Vem crescendo a cada dia o n\u00famero de pessoas envolvidas e aderindo ao projeto solid\u00e1rio \u201cPol\u00edcia Amiga em Natal Sem&hellip;<\/p>\n","protected":false},"author":1,"featured_media":0,"comment_status":"open","ping_status":"open","sticky":false,"template":"","format":"standard","meta":{"footnotes":""},"categories":[1],"tags":[2,5136,13],"class_list":["post-4176","post","type-post","status-publish","format-standard","hentry","category-sem-categoria","tag-blog-do-edvaldo-magalhaes","tag-comandantes-aderem-ao-projeto-solidario-policia-amiga-em-natal-sem-fome","tag-policial"],"_links":{"self":[{"href":"https:\/\/blogdoedvaldomagalhaes.com.br\/index.php\/wp-json\/wp\/v2\/posts\/4176","targetHints":{"allow":["GET"]}}],"collection":[{"href":"https:\/\/blogdoedvaldomagalhaes.com.br\/index.php\/wp-json\/wp\/v2\/posts"}],"about":[{"href":"https:\/\/blogdoedvaldomagalhaes.com.br\/index.php\/wp-json\/wp\/v2\/types\/post"}],"author":[{"embeddable":true,"href":"https:\/\/blogdoedvaldomagalhaes.com.br\/index.php\/wp-json\/wp\/v2\/users\/1"}],"replies":[{"embeddable":true,"href":"https:\/\/blogdoedvaldomagalhaes.com.br\/index.php\/wp-json\/wp\/v2\/comments?post=4176"}],"version-history":[{"count":1,"href":"https:\/\/blogdoedvaldomagalhaes.com.br\/index.php\/wp-json\/wp\/v2\/posts\/4176\/revisions"}],"predecessor-version":[{"id":25775,"href":"https:\/\/blogdoedvaldomagalhaes.com.br\/index.php\/wp-json\/wp\/v2\/posts\/4176\/revisions\/25775"}],"wp:attachment":[{"href":"https:\/\/blogdoedvaldomagalhaes.com.br\/index.php\/wp-json\/wp\/v2\/media?parent=4176"}],"wp:term":[{"taxonomy":"category","embeddable":true,"href":"https:\/\/blogdoedvaldomagalhaes.com.br\/index.php\/wp-json\/wp\/v2\/categories?post=4176"},{"taxonomy":"post_tag","embeddable":true,"href":"https:\/\/blogdoedvaldomagalhaes.com.br\/index.php\/wp-json\/wp\/v2\/tags?post=4176"}],"curies":[{"name":"wp","href":"https:\/\/api.w.org\/{rel}","templated":true}]}}