{"id":4173,"date":"2017-11-01T23:51:00","date_gmt":"2017-11-02T01:51:00","guid":{"rendered":"http:\/\/blogdoedvaldomagalhaes.com.br\/index.php\/2017\/11\/01\/policia-apreende-cocaina-e-maconha-no\/"},"modified":"2019-02-09T01:51:16","modified_gmt":"2019-02-09T03:51:16","slug":"policia-apreende-cocaina-e-maconha-no","status":"publish","type":"post","link":"https:\/\/blogdoedvaldomagalhaes.com.br\/index.php\/2017\/11\/01\/policia-apreende-cocaina-e-maconha-no\/","title":{"rendered":"Pol\u00edcia apreende coca\u00edna e maconha no Vassoural"},"content":{"rendered":"<div class=\"separator\" style=\"clear: both; text-align: center;\">\n<a href=\"https:\/\/1.bp.blogspot.com\/-zx93mrcD-GI\/WfpdrWTcHGI\/AAAAAAAAjJM\/Z5rW2yOFIb43BM0JP_RXiZJqy2rNTiNBwCLcBGAs\/s1600\/IMG-20171101-WA0238.jpg\" imageanchor=\"1\" style=\"margin-left: 1em; margin-right: 1em;\"><img loading=\"lazy\" decoding=\"async\" border=\"0\" data-original-height=\"960\" data-original-width=\"1280\" height=\"300\" src=\"http:\/\/blogdoedvaldomagalhaes.com.br\/wp-content\/uploads\/2017\/11\/IMG-20171101-WA0238.jpg\" width=\"400\" \/><\/a><\/div>\n<div class=\"separator\" style=\"clear: both; text-align: center;\">\nFoto: PMPE\/Divulga\u00e7\u00e3o<\/div>\n<div class=\"separator\" style=\"clear: both; text-align: center;\">\n<\/div>\n<div style=\"text-align: justify;\">\nNesta quarta-feira (1\u00ba) equipes do BEPI e N\u00facleo de Intelig\u00eancia, munidos de informa\u00e7\u00f5es foram at\u00e9 a rua Oriental 94A, no bairro Vassoural, local este para onde apontavam den\u00fancias de intenso tr\u00e1fico de entorpecentes. Ao chegarem no ponto especificado, o imputado Marcos Ant\u00f4nio Batista de Farias J\u00fanior, foi abordado e na sua resid\u00eancia foram encontrados os seguintes objetos:<\/div>\n<div style=\"text-align: justify;\">\n10 pingos de coca\u00edna;<\/div>\n<div style=\"text-align: justify;\">\n01 big big de maconha;<\/div>\n<div style=\"text-align: justify;\">\n01 munica\u00e7\u00e3o calibre .44 intacta;<\/div>\n<div style=\"text-align: justify;\">\n01 aparelho celular marca Alcatel.<\/p>\n<p>Segundo a pol\u00edcia, a quantia de R$ 190,50 em c\u00e9dulas trocadas provenientes da pr\u00e1tica de tr\u00e1fico de entorpecentes. O imputado, foi encaminhado para a 14\u00aa DESEC, onde foi apresentado ao delegado plantonista e autuado em flagrante por tr\u00e1fico de drogas e ser\u00e1 apresentado \u00e0 audi\u00eancia de cust\u00f3dia.<\/p><\/div>\n","protected":false},"excerpt":{"rendered":"<p>Foto: PMPE\/Divulga\u00e7\u00e3o Nesta quarta-feira (1\u00ba) equipes do BEPI e N\u00facleo de Intelig\u00eancia, munidos de informa\u00e7\u00f5es foram at\u00e9 a rua Oriental&hellip;<\/p>\n","protected":false},"author":1,"featured_media":0,"comment_status":"open","ping_status":"open","sticky":false,"template":"","format":"standard","meta":{"footnotes":""},"categories":[1],"tags":[2,3186,5131,13],"class_list":["post-4173","post","type-post","status-publish","format-standard","hentry","category-sem-categoria","tag-blog-do-edvaldo-magalhaes","tag-noticias-policiais-de-caruaru","tag-policia-apreende-cocaina-e-maconha-no-vassoural","tag-policial"],"_links":{"self":[{"href":"https:\/\/blogdoedvaldomagalhaes.com.br\/index.php\/wp-json\/wp\/v2\/posts\/4173","targetHints":{"allow":["GET"]}}],"collection":[{"href":"https:\/\/blogdoedvaldomagalhaes.com.br\/index.php\/wp-json\/wp\/v2\/posts"}],"about":[{"href":"https:\/\/blogdoedvaldomagalhaes.com.br\/index.php\/wp-json\/wp\/v2\/types\/post"}],"author":[{"embeddable":true,"href":"https:\/\/blogdoedvaldomagalhaes.com.br\/index.php\/wp-json\/wp\/v2\/users\/1"}],"replies":[{"embeddable":true,"href":"https:\/\/blogdoedvaldomagalhaes.com.br\/index.php\/wp-json\/wp\/v2\/comments?post=4173"}],"version-history":[{"count":1,"href":"https:\/\/blogdoedvaldomagalhaes.com.br\/index.php\/wp-json\/wp\/v2\/posts\/4173\/revisions"}],"predecessor-version":[{"id":25783,"href":"https:\/\/blogdoedvaldomagalhaes.com.br\/index.php\/wp-json\/wp\/v2\/posts\/4173\/revisions\/25783"}],"wp:attachment":[{"href":"https:\/\/blogdoedvaldomagalhaes.com.br\/index.php\/wp-json\/wp\/v2\/media?parent=4173"}],"wp:term":[{"taxonomy":"category","embeddable":true,"href":"https:\/\/blogdoedvaldomagalhaes.com.br\/index.php\/wp-json\/wp\/v2\/categories?post=4173"},{"taxonomy":"post_tag","embeddable":true,"href":"https:\/\/blogdoedvaldomagalhaes.com.br\/index.php\/wp-json\/wp\/v2\/tags?post=4173"}],"curies":[{"name":"wp","href":"https:\/\/api.w.org\/{rel}","templated":true}]}}