{"id":4170,"date":"2017-11-02T14:36:00","date_gmt":"2017-11-02T16:36:00","guid":{"rendered":"http:\/\/blogdoedvaldomagalhaes.com.br\/index.php\/2017\/11\/02\/morre-no-recife-o-ex-deputado-rooseve\/"},"modified":"2019-02-09T01:51:16","modified_gmt":"2019-02-09T03:51:16","slug":"morre-no-recife-o-ex-deputado-rooseve","status":"publish","type":"post","link":"https:\/\/blogdoedvaldomagalhaes.com.br\/index.php\/2017\/11\/02\/morre-no-recife-o-ex-deputado-rooseve\/","title":{"rendered":"Morre no Recife o ex-deputado Roosevelt Gon\u00e7alves"},"content":{"rendered":"<div style=\"background-color: white; box-sizing: border-box; line-height: 24px; margin-bottom: 10px; text-align: justify;\">\n<div class=\"separator\" style=\"clear: both; text-align: center;\">\n<a href=\"https:\/\/4.bp.blogspot.com\/-mbcHByuX7p8\/WfsyLH9gWwI\/AAAAAAAAjMI\/TAsbETAVQ_kcc8qTcaK_PueW6IhB-NIiQCLcBGAs\/s1600\/m%252Correu.jpg\" imageanchor=\"1\" style=\"margin-left: 1em; margin-right: 1em;\"><img loading=\"lazy\" decoding=\"async\" border=\"0\" data-original-height=\"225\" data-original-width=\"161\" height=\"400\" src=\"http:\/\/blogdoedvaldomagalhaes.com.br\/wp-content\/uploads\/2017\/11\/m2Correu.jpg\" width=\"286\" \/><\/a><\/div>\n<p>\nMorreu na madrugada desta quinta-feira (02), no Recife, o ex-deputado Roosevelt Gon\u00e7alves, aos 76 anos, v\u00edtima de um c\u00e2ncer no sistema digestivo. Ele tamb\u00e9m era ex-prefeito de Cumaru.<\/div>\n<div style=\"background-color: white; box-sizing: border-box; line-height: 24px; margin-bottom: 10px; text-align: justify;\">\nRoosevelt exerceu mandato de deputado em duas legislaturas consecutivas, de 1979 a 1986. J\u00e1 \u00e0 frente da Prefeitura de Cumaru, o mandato foi de 2005 a 2008. Ele tamb\u00e9m foi vice-prefeito de Caruaru na gest\u00e3o de Drayton Nejaim e ocupou diversos cargos p\u00fablicos, como superintendente do INCRA e Delegado do Minist\u00e9rio da Agricultura.<\/div>\n<div style=\"background-color: white; box-sizing: border-box; line-height: 24px; margin-bottom: 10px; text-align: justify;\">\nO vel\u00f3rio est\u00e1 sendo realizado na Assembleia Legislativa de Pernambuco nesta manh\u00e3 e o sepultamento ser\u00e1 \u00e0s 17h, no cemit\u00e9rio municipal de Cumaru.<\/div>\n","protected":false},"excerpt":{"rendered":"<p>Morreu na madrugada desta quinta-feira (02), no Recife, o ex-deputado Roosevelt Gon\u00e7alves, aos 76 anos, v\u00edtima de um c\u00e2ncer no&hellip;<\/p>\n","protected":false},"author":1,"featured_media":0,"comment_status":"open","ping_status":"open","sticky":false,"template":"","format":"standard","meta":{"footnotes":""},"categories":[1],"tags":[2,2272,5126,5127,5128,6],"class_list":["post-4170","post","type-post","status-publish","format-standard","hentry","category-sem-categoria","tag-blog-do-edvaldo-magalhaes","tag-cumaru","tag-incra","tag-ministerio-da-agricultura","tag-morre-no-recife-o-ex-deputado-roosevelt-goncalves","tag-noticias"],"_links":{"self":[{"href":"https:\/\/blogdoedvaldomagalhaes.com.br\/index.php\/wp-json\/wp\/v2\/posts\/4170","targetHints":{"allow":["GET"]}}],"collection":[{"href":"https:\/\/blogdoedvaldomagalhaes.com.br\/index.php\/wp-json\/wp\/v2\/posts"}],"about":[{"href":"https:\/\/blogdoedvaldomagalhaes.com.br\/index.php\/wp-json\/wp\/v2\/types\/post"}],"author":[{"embeddable":true,"href":"https:\/\/blogdoedvaldomagalhaes.com.br\/index.php\/wp-json\/wp\/v2\/users\/1"}],"replies":[{"embeddable":true,"href":"https:\/\/blogdoedvaldomagalhaes.com.br\/index.php\/wp-json\/wp\/v2\/comments?post=4170"}],"version-history":[{"count":1,"href":"https:\/\/blogdoedvaldomagalhaes.com.br\/index.php\/wp-json\/wp\/v2\/posts\/4170\/revisions"}],"predecessor-version":[{"id":25789,"href":"https:\/\/blogdoedvaldomagalhaes.com.br\/index.php\/wp-json\/wp\/v2\/posts\/4170\/revisions\/25789"}],"wp:attachment":[{"href":"https:\/\/blogdoedvaldomagalhaes.com.br\/index.php\/wp-json\/wp\/v2\/media?parent=4170"}],"wp:term":[{"taxonomy":"category","embeddable":true,"href":"https:\/\/blogdoedvaldomagalhaes.com.br\/index.php\/wp-json\/wp\/v2\/categories?post=4170"},{"taxonomy":"post_tag","embeddable":true,"href":"https:\/\/blogdoedvaldomagalhaes.com.br\/index.php\/wp-json\/wp\/v2\/tags?post=4170"}],"curies":[{"name":"wp","href":"https:\/\/api.w.org\/{rel}","templated":true}]}}