{"id":4168,"date":"2017-11-02T14:40:00","date_gmt":"2017-11-02T16:40:00","guid":{"rendered":"http:\/\/blogdoedvaldomagalhaes.com.br\/index.php\/2017\/11\/02\/professor-orienta-estudantes-surdos-que\/"},"modified":"2019-02-09T01:51:17","modified_gmt":"2019-02-09T03:51:17","slug":"professor-orienta-estudantes-surdos-que","status":"publish","type":"post","link":"https:\/\/blogdoedvaldomagalhaes.com.br\/index.php\/2017\/11\/02\/professor-orienta-estudantes-surdos-que\/","title":{"rendered":"Professor orienta estudantes surdos, que ir\u00e3o fazer o Enem em Caruaru"},"content":{"rendered":"<div class=\"separator\" style=\"clear: both; text-align: center;\">\n<a href=\"https:\/\/3.bp.blogspot.com\/-ZL4slPDz7jg\/WfsuMOf7RuI\/AAAAAAAAjL8\/1KK2huZQ5KMJCDQatFRTCcboxHV4A-hpACLcBGAs\/s1600\/prof.jpg\" imageanchor=\"1\" style=\"margin-left: 1em; margin-right: 1em;\"><img loading=\"lazy\" decoding=\"async\" border=\"0\" data-original-height=\"530\" data-original-width=\"552\" height=\"381\" src=\"http:\/\/blogdoedvaldomagalhaes.com.br\/wp-content\/uploads\/2017\/11\/prof.jpg\" width=\"400\" \/><\/a><\/div>\n<div style=\"background-color: white; text-align: justify;\">\n<\/div>\n<div style=\"background-color: white; text-align: justify;\">\nEm Caruaru, v\u00e1rios estudantes surdos ir\u00e3o fazer as provas do Exame Nacional do Ensino M\u00e9dio (Enem), que vai contar com dois m\u00e9todos para os deficientes auditivos.&nbsp;<\/div>\n<div style=\"background-color: white; text-align: justify;\">\n<\/div>\n<div style=\"background-color: white; text-align: justify;\">\nDe acordo com o Minist\u00e9rio da Educa\u00e7\u00e3o (MEC) ser\u00e3o disponibilizados int\u00e9rpretes e v\u00eddeos tradutores, e quem escolhe o m\u00e9todo utilizado \u00e9 o aluno. A aplica\u00e7\u00e3o das provas ser\u00e1 realizada em domingos consecutivos: 5 e 12 de novembro.&nbsp;<\/div>\n<div style=\"background-color: white; text-align: justify;\">\n<\/div>\n<div style=\"background-color: white; text-align: justify;\">\nO professor e int\u00e9rprete de Libras, \u00c1lvaro Ferreira, orienta aos participantes para ficarem ligados ao enunciado das quest\u00f5es e as alternativas de respostas que ser\u00e3o apresentados em libras, por meio de v\u00eddeos gravados em DVD.&nbsp;<\/div>\n<div style=\"background-color: white; text-align: justify;\">\n<\/div>\n<div style=\"background-color: white; text-align: justify;\">\nNo Brasil, s\u00e3o 1.116 candidatos com algum tipo de defici\u00eancia, incluindo a surdez, que v\u00e3o fazer o ENEM este ano. Segundo o MEC, no dia do exame, cada participante receber\u00e1 um notebook para fazer as provas.&nbsp;<\/div>\n<div style=\"background-color: white; text-align: justify;\">\n<\/div>\n<div style=\"background-color: white; text-align: justify;\">\nO candidato tamb\u00e9m receber\u00e1 o caderno de quest\u00f5es, a folha de reda\u00e7\u00e3o e o cart\u00e3o-resposta, no qual dever\u00e1 marcar as respostas. Ele pode escolher qual \u00e1rea do conhecimento fazer primeiro e assistir aos v\u00eddeos na ordem que preferir.&nbsp;<\/div>\n<div style=\"background-color: white; text-align: justify;\">\n<\/div>\n<div style=\"background-color: white; text-align: justify;\">\n\u201cPara a comunidade surda \u00e9 uma grande oportunidade de ingressar na Faculdade ou na Universidade por meio da nota do Enem. Al\u00e9m disso, o Exame mostra a busca de inclus\u00e3o social dessas pessoas e o direito de todos \u00e0 educa\u00e7\u00e3o\u201d, finaliza \u00c1lvaro.&nbsp;<\/div>\n<div style=\"background-color: white; text-align: justify;\">\n<\/div>\n<div style=\"background-color: white; text-align: justify;\">\nOs port\u00f5es de acesso aos locais de prova ser\u00e3o abertos \u00e0s 12h e fechados \u00e0s 13h, de acordo com o hor\u00e1rio de ver\u00e3o de Bras\u00edlia (DF)&nbsp;<\/div>\n","protected":false},"excerpt":{"rendered":"<p>Em Caruaru, v\u00e1rios estudantes surdos ir\u00e3o fazer as provas do Exame Nacional do Ensino M\u00e9dio (Enem), que vai contar com&hellip;<\/p>\n","protected":false},"author":1,"featured_media":0,"comment_status":"open","ping_status":"open","sticky":false,"template":"","format":"standard","meta":{"footnotes":""},"categories":[1],"tags":[4600,2,5121,5122,6,5123,5124],"class_list":["post-4168","post","type-post","status-publish","format-standard","hentry","category-sem-categoria","tag-alvaro-ferreira","tag-blog-do-edvaldo-magalhaes","tag-mec","tag-ministerio-da-educacao","tag-noticias","tag-professor-orienta-estudantes-surdos","tag-que-irao-fazer-o-enem-em-caruaru"],"_links":{"self":[{"href":"https:\/\/blogdoedvaldomagalhaes.com.br\/index.php\/wp-json\/wp\/v2\/posts\/4168","targetHints":{"allow":["GET"]}}],"collection":[{"href":"https:\/\/blogdoedvaldomagalhaes.com.br\/index.php\/wp-json\/wp\/v2\/posts"}],"about":[{"href":"https:\/\/blogdoedvaldomagalhaes.com.br\/index.php\/wp-json\/wp\/v2\/types\/post"}],"author":[{"embeddable":true,"href":"https:\/\/blogdoedvaldomagalhaes.com.br\/index.php\/wp-json\/wp\/v2\/users\/1"}],"replies":[{"embeddable":true,"href":"https:\/\/blogdoedvaldomagalhaes.com.br\/index.php\/wp-json\/wp\/v2\/comments?post=4168"}],"version-history":[{"count":1,"href":"https:\/\/blogdoedvaldomagalhaes.com.br\/index.php\/wp-json\/wp\/v2\/posts\/4168\/revisions"}],"predecessor-version":[{"id":25793,"href":"https:\/\/blogdoedvaldomagalhaes.com.br\/index.php\/wp-json\/wp\/v2\/posts\/4168\/revisions\/25793"}],"wp:attachment":[{"href":"https:\/\/blogdoedvaldomagalhaes.com.br\/index.php\/wp-json\/wp\/v2\/media?parent=4168"}],"wp:term":[{"taxonomy":"category","embeddable":true,"href":"https:\/\/blogdoedvaldomagalhaes.com.br\/index.php\/wp-json\/wp\/v2\/categories?post=4168"},{"taxonomy":"post_tag","embeddable":true,"href":"https:\/\/blogdoedvaldomagalhaes.com.br\/index.php\/wp-json\/wp\/v2\/tags?post=4168"}],"curies":[{"name":"wp","href":"https:\/\/api.w.org\/{rel}","templated":true}]}}