{"id":4129,"date":"2017-11-06T23:03:00","date_gmt":"2017-11-07T01:03:00","guid":{"rendered":"http:\/\/blogdoedvaldomagalhaes.com.br\/index.php\/2017\/11\/06\/luto-morre-radialista-carlos-freire\/"},"modified":"2019-02-09T01:51:48","modified_gmt":"2019-02-09T03:51:48","slug":"luto-morre-radialista-carlos-freire","status":"publish","type":"post","link":"https:\/\/blogdoedvaldomagalhaes.com.br\/index.php\/2017\/11\/06\/luto-morre-radialista-carlos-freire\/","title":{"rendered":"Luto: morre radialista Carlos Freire"},"content":{"rendered":"<div class=\"separator\" style=\"clear: both; text-align: center;\">\n<a href=\"https:\/\/2.bp.blogspot.com\/-NezocwAeinM\/WgDm0qqLmrI\/AAAAAAAAjhI\/e3kxeaIzTCAkuzuVylVhN3BXj7bLmb0HgCLcBGAs\/s1600\/agora.jpg\" imageanchor=\"1\" style=\"margin-left: 1em; margin-right: 1em;\"><img loading=\"lazy\" decoding=\"async\" border=\"0\" data-original-height=\"237\" data-original-width=\"138\" height=\"400\" src=\"http:\/\/blogdoedvaldomagalhaes.com.br\/wp-content\/uploads\/2017\/11\/agora.jpg\" width=\"232\" \/><\/a><\/div>\n<div class=\"separator\" style=\"clear: both; text-align: center;\">\n<\/div>\n<div class=\"separator\" style=\"clear: both; text-align: justify;\">\nFaleceu nesta segunda-feira (06), no Hospital Mestre Vitalino, o radialista Carlos Freire, aos 60 anos de idade, ele era conhecido carinhosamente por Carlinhos e por Mofada, e vinha sofrendo de Mal de Alzheimer h\u00e1 quatro anos. A doen\u00e7a se agravou nos \u00faltimos 20 dias, quando Carlinhos foi levado para a UTI do HMV. A causa morte foi infec\u00e7\u00e3o generalizada.<\/div>\n<div class=\"separator\" style=\"clear: both; text-align: center;\">\n<a href=\"https:\/\/3.bp.blogspot.com\/-VdIQulMdjMc\/WgDr2-IK2GI\/AAAAAAAAjhc\/hM1fKXdEBiU7-Pjd5wgwIKFcXvQPiVIfwCLcBGAs\/s1600\/foto.jpg\" imageanchor=\"1\" style=\"margin-left: 1em; margin-right: 1em;\"><img loading=\"lazy\" decoding=\"async\" border=\"0\" data-original-height=\"699\" data-original-width=\"960\" height=\"290\" src=\"http:\/\/blogdoedvaldomagalhaes.com.br\/wp-content\/uploads\/2017\/11\/foto.jpg\" width=\"400\" \/><\/a><\/div>\n<div class=\"separator\" style=\"clear: both; text-align: center;\">\nNa foto, Carlos Freire \u00e9 o s\u00e9timo da direita para esquerda<\/div>\n<div class=\"separator\" style=\"clear: both; text-align: justify;\">\n<\/div>\n<div class=\"separator\" style=\"clear: both; text-align: justify;\">\nCarlos Freire trabalhou nas r\u00e1dios Difusora, Cultura e Liberdade, como Rep\u00f3rter Esportivo e Disk Jockey.&nbsp;<\/div>\n<div class=\"separator\" style=\"clear: both; text-align: center;\">\n<\/div>\n<div class=\"separator\" style=\"clear: both; text-align: center;\">\n<\/div>\n<div class=\"separator\" style=\"clear: both; text-align: center;\">\n<\/div>\n<div class=\"separator\" style=\"clear: both; text-align: center;\">\n<a href=\"https:\/\/3.bp.blogspot.com\/-M0wNOfmvp-U\/WgDmF-a3W-I\/AAAAAAAAjgw\/E8KW1lJxf54g5FnFoHWQ3529KPkUgUA8wCLcBGAs\/s1600\/IMG-20171106-WA0173.jpg\" imageanchor=\"1\" style=\"margin-left: 1em; margin-right: 1em;\"><img loading=\"lazy\" decoding=\"async\" border=\"0\" data-original-height=\"540\" data-original-width=\"415\" height=\"320\" src=\"http:\/\/blogdoedvaldomagalhaes.com.br\/wp-content\/uploads\/2017\/11\/IMG-20171106-WA0173.jpg\" width=\"245\" \/><\/a><\/div>\n<div class=\"separator\" style=\"clear: both; text-align: center;\">\n<\/div>\n<div class=\"separator\" style=\"clear: both; text-align: justify;\">\nO irm\u00e3o dele, Paulo Freire, comunica que o corpo est\u00e1 no vel\u00f3rio Dom Bosco, no bairro Maur\u00edcio de Nassau, em Caruaru. O sepultamento ser\u00e1 no Cemit\u00e9rio Dom Bosco, \u00e0s 10h30 desta ter\u00e7a-feira (07).&nbsp;<\/div>\n","protected":false},"excerpt":{"rendered":"<p>Faleceu nesta segunda-feira (06), no Hospital Mestre Vitalino, o radialista Carlos Freire, aos 60 anos de idade, ele era conhecido&hellip;<\/p>\n","protected":false},"author":1,"featured_media":0,"comment_status":"open","ping_status":"open","sticky":false,"template":"","format":"standard","meta":{"footnotes":""},"categories":[1],"tags":[2,3683,5053,5054,5055,5056,5057,5058,6,3451,5059],"class_list":["post-4129","post","type-post","status-publish","format-standard","hentry","category-sem-categoria","tag-blog-do-edvaldo-magalhaes","tag-cemiterio-dom-bosco","tag-cultura","tag-difusora","tag-hmv","tag-liberdade","tag-luto-morre-radialista-carlos-freire","tag-mal-de-alzheimer","tag-noticias","tag-uti","tag-velorio-dom-bosco"],"_links":{"self":[{"href":"https:\/\/blogdoedvaldomagalhaes.com.br\/index.php\/wp-json\/wp\/v2\/posts\/4129","targetHints":{"allow":["GET"]}}],"collection":[{"href":"https:\/\/blogdoedvaldomagalhaes.com.br\/index.php\/wp-json\/wp\/v2\/posts"}],"about":[{"href":"https:\/\/blogdoedvaldomagalhaes.com.br\/index.php\/wp-json\/wp\/v2\/types\/post"}],"author":[{"embeddable":true,"href":"https:\/\/blogdoedvaldomagalhaes.com.br\/index.php\/wp-json\/wp\/v2\/users\/1"}],"replies":[{"embeddable":true,"href":"https:\/\/blogdoedvaldomagalhaes.com.br\/index.php\/wp-json\/wp\/v2\/comments?post=4129"}],"version-history":[{"count":1,"href":"https:\/\/blogdoedvaldomagalhaes.com.br\/index.php\/wp-json\/wp\/v2\/posts\/4129\/revisions"}],"predecessor-version":[{"id":25919,"href":"https:\/\/blogdoedvaldomagalhaes.com.br\/index.php\/wp-json\/wp\/v2\/posts\/4129\/revisions\/25919"}],"wp:attachment":[{"href":"https:\/\/blogdoedvaldomagalhaes.com.br\/index.php\/wp-json\/wp\/v2\/media?parent=4129"}],"wp:term":[{"taxonomy":"category","embeddable":true,"href":"https:\/\/blogdoedvaldomagalhaes.com.br\/index.php\/wp-json\/wp\/v2\/categories?post=4129"},{"taxonomy":"post_tag","embeddable":true,"href":"https:\/\/blogdoedvaldomagalhaes.com.br\/index.php\/wp-json\/wp\/v2\/tags?post=4129"}],"curies":[{"name":"wp","href":"https:\/\/api.w.org\/{rel}","templated":true}]}}