{"id":4119,"date":"2017-11-07T19:33:00","date_gmt":"2017-11-07T21:33:00","guid":{"rendered":"http:\/\/blogdoedvaldomagalhaes.com.br\/index.php\/2017\/11\/07\/nota-compesa-sobre-utilizacao-da\/"},"modified":"2019-02-09T01:51:51","modified_gmt":"2019-02-09T03:51:51","slug":"nota-compesa-sobre-utilizacao-da","status":"publish","type":"post","link":"https:\/\/blogdoedvaldomagalhaes.com.br\/index.php\/2017\/11\/07\/nota-compesa-sobre-utilizacao-da\/","title":{"rendered":"Nota Compesa sobre utiliza\u00e7\u00e3o da barragem de Taquara nos fins de semana para lazer"},"content":{"rendered":"<div class=\"separator\" style=\"clear: both; text-align: center;\">\n<a href=\"https:\/\/4.bp.blogspot.com\/-H5NIQjgDyjw\/WgIKbfdPH4I\/AAAAAAAAjl0\/lynlWQdAhqcvzMD9JAZe5rSszKdE9HlyACLcBGAs\/s1600\/barragem.jpg\" imageanchor=\"1\" style=\"margin-left: 1em; margin-right: 1em;\"><img loading=\"lazy\" decoding=\"async\" border=\"0\" data-original-height=\"270\" data-original-width=\"348\" height=\"307\" src=\"http:\/\/blogdoedvaldomagalhaes.com.br\/wp-content\/uploads\/2017\/11\/barragem-1.jpg\" width=\"400\" \/><\/a><\/div>\n<div class=\"separator\" style=\"clear: both; text-align: center;\">\nFoto: WhatsApp\/Cortesia<\/div>\n<div style=\"text-align: justify;\">\n<\/div>\n<div style=\"text-align: justify;\">\nA Compesa informa que n\u00e3o \u00e9 permitido o uso de mananciais para atividades de lazer. A Companhia tomou conhecimento que a barragem de Taquara, que abastece o distrito de Taquara, em Caruaru, e o munic\u00edpio de S\u00e3o Caetano est\u00e1 sendo utilizada nos fins de semana com essa finalidade. Como n\u00e3o tem poder de pol\u00edcia, a Compesa registrou um boletim de ocorr\u00eancia, nesta ter\u00e7a, 07, para coibir tal pr\u00e1tica. O caso tamb\u00e9m ser\u00e1 denunciado ao Minist\u00e9rio P\u00fablico. Al\u00e9m disso, a Compesa ir\u00e1 &nbsp;notificar a CPRH, sob o ponto de vista da polui\u00e7\u00e3o, e a APAC que disciplina os m\u00faltiplos usos da \u00e1gua. Al\u00e9m de colocar a seguran\u00e7a das pessoas em risco, &nbsp;prejudica o trabalho da Companhia que precisa intensificar o investimento em insumos para garantir a qualidade da \u00e1gua.<\/div>\n","protected":false},"excerpt":{"rendered":"<p>Foto: WhatsApp\/Cortesia A Compesa informa que n\u00e3o \u00e9 permitido o uso de mananciais para atividades de lazer. A Companhia tomou&hellip;<\/p>\n","protected":false},"author":1,"featured_media":0,"comment_status":"open","ping_status":"open","sticky":false,"template":"","format":"standard","meta":{"footnotes":""},"categories":[1],"tags":[5034,2,5035,5036,6],"class_list":["post-4119","post","type-post","status-publish","format-standard","hentry","category-sem-categoria","tag-apac","tag-blog-do-edvaldo-magalhaes","tag-cprh","tag-nota-compesa-sobre-utilizacao-da-barragem-de-taquara-nos-fins-de-semana-para-lazer","tag-noticias"],"_links":{"self":[{"href":"https:\/\/blogdoedvaldomagalhaes.com.br\/index.php\/wp-json\/wp\/v2\/posts\/4119","targetHints":{"allow":["GET"]}}],"collection":[{"href":"https:\/\/blogdoedvaldomagalhaes.com.br\/index.php\/wp-json\/wp\/v2\/posts"}],"about":[{"href":"https:\/\/blogdoedvaldomagalhaes.com.br\/index.php\/wp-json\/wp\/v2\/types\/post"}],"author":[{"embeddable":true,"href":"https:\/\/blogdoedvaldomagalhaes.com.br\/index.php\/wp-json\/wp\/v2\/users\/1"}],"replies":[{"embeddable":true,"href":"https:\/\/blogdoedvaldomagalhaes.com.br\/index.php\/wp-json\/wp\/v2\/comments?post=4119"}],"version-history":[{"count":1,"href":"https:\/\/blogdoedvaldomagalhaes.com.br\/index.php\/wp-json\/wp\/v2\/posts\/4119\/revisions"}],"predecessor-version":[{"id":25940,"href":"https:\/\/blogdoedvaldomagalhaes.com.br\/index.php\/wp-json\/wp\/v2\/posts\/4119\/revisions\/25940"}],"wp:attachment":[{"href":"https:\/\/blogdoedvaldomagalhaes.com.br\/index.php\/wp-json\/wp\/v2\/media?parent=4119"}],"wp:term":[{"taxonomy":"category","embeddable":true,"href":"https:\/\/blogdoedvaldomagalhaes.com.br\/index.php\/wp-json\/wp\/v2\/categories?post=4119"},{"taxonomy":"post_tag","embeddable":true,"href":"https:\/\/blogdoedvaldomagalhaes.com.br\/index.php\/wp-json\/wp\/v2\/tags?post=4119"}],"curies":[{"name":"wp","href":"https:\/\/api.w.org\/{rel}","templated":true}]}}