{"id":41141,"date":"2019-04-13T08:28:29","date_gmt":"2019-04-13T11:28:29","guid":{"rendered":"http:\/\/blogdoedvaldomagalhaes.com.br\/?p=41141"},"modified":"2019-04-13T08:28:31","modified_gmt":"2019-04-13T11:28:31","slug":"policia-rodoviaria-federal-realiza-a-operacao-semana-santa-nas-rodovias-de-pernambuco","status":"publish","type":"post","link":"https:\/\/blogdoedvaldomagalhaes.com.br\/index.php\/2019\/04\/13\/policia-rodoviaria-federal-realiza-a-operacao-semana-santa-nas-rodovias-de-pernambuco\/","title":{"rendered":"Pol\u00edcia Rodovi\u00e1ria Federal realiza a Opera\u00e7\u00e3o Semana Santa nas rodovias de Pernambuco"},"content":{"rendered":"\n<p>A Pol\u00edcia Rodovi\u00e1ria Federal (PRF) iniciou nessa sexta-feira (12) e segue at\u00e9 o domingo (21), em Pernambuco, a Opera\u00e7\u00e3o Semana Santa. A primeira etapa da a\u00e7\u00e3o acontece no Agreste, em virtude das festividades religiosas que aumentam o fluxo de ve\u00edculos na regi\u00e3o. A iniciativa busca reduzir acidentes graves e proporcionar mais seguran\u00e7a no tr\u00e2nsito, a partir de um refor\u00e7o na fiscaliza\u00e7\u00e3o e nas a\u00e7\u00f5es de combate ao crime.<\/p>\n\n\n\n<p>A estimativa \u00e9 de que haja um aumento no tr\u00e1fego de ve\u00edculos de cerca de 50%, principalmente na BR-232, no sentido dos munic\u00edpios de Gravat\u00e1, Bezerros e Caruaru, no Agreste. O fluxo tamb\u00e9m ser\u00e1 maior na BR-104, que d\u00e1 acesso a PE-145, em dire\u00e7\u00e3o ao teatro de Nova Jerusal\u00e9m. Para acessar a rodovia estadual, o motorista que segue pela BR 104 deve utilizar o Trevo do Lampi\u00e3o, localizado no quil\u00f4metro 43 da rodovia.<\/p>\n\n\n\n<p>Para melhorar a fluidez e garantir mais seguran\u00e7a a quem se dirige ao local, a PRF ir\u00e1 atuar com apoio das equipes da Opera\u00e7\u00e3o Lei Seca, para coibir a ingest\u00e3o de \u00e1lcool pelos motoristas. Essa infra\u00e7\u00e3o \u00e9 grav\u00edssima e prev\u00ea autua\u00e7\u00e3o no valor de R$ 2.934,70, sete pontos na Carteira Nacional de Habilita\u00e7\u00e3o (CNH) e suspens\u00e3o do direito de dirigir por 12 meses.<\/p>\n\n\n\n<p>Al\u00e9m da embriaguez ao volante, o foco da fiscaliza\u00e7\u00e3o estar\u00e1 nas infra\u00e7\u00f5es que podem resultar em acidentes graves, como as ultrapassagens indevidas, o uso irregular de motocicletas e a falta de dispositivos de seguran\u00e7a. Durante as abordagens ser\u00e3o verificados a documenta\u00e7\u00e3o das pessoas e do ve\u00edculo, os equipamentos obrigat\u00f3rios e se todos utilizam o cinto de seguran\u00e7a ou o dispositivo de reten\u00e7\u00e3o para crian\u00e7as.<\/p>\n\n\n\n<p>At\u00e9 um ano, os beb\u00eas devem ser transportados no beb\u00ea-conforto, de costas para o motorista; de um a quatro anos, deve-se utilizar a cadeirinha; de quatro a sete anos e meio, o assento de eleva\u00e7\u00e3o. Crian\u00e7as com at\u00e9 10 anos de idade devem ser transportadas no banco de tr\u00e1s do ve\u00edculo, com o cinto de seguran\u00e7a.<\/p>\n\n\n\n<p>Durante o feriado da Semana Santa ser\u00e3o realizadas a\u00e7\u00f5es de educa\u00e7\u00e3o para o tr\u00e2nsito, para alertar motoristas e passageiros sobre cuidados que podem evitar acidentes. Palestras ser\u00e3o realizadas dentro de \u00f4nibus de turismo e em um coletivo adaptado para a exibi\u00e7\u00e3o de v\u00eddeos educativos, que apresentam a import\u00e2ncia da mudan\u00e7a de atitude para salvar vidas.<\/p>\n\n\n\n<p>As a\u00e7\u00f5es de combate ao crime contar\u00e3o com o refor\u00e7o do N\u00facleo de Opera\u00e7\u00f5es Especiais e dos grupos de Motociclistas, Opera\u00e7\u00e3o com C\u00e3es e Patrulhamento T\u00e1tico da PRF, al\u00e9m de contar com o apoio das pol\u00edcias Militar e Civil. Os policiais visam coibir assaltos, recepta\u00e7\u00e3o de ve\u00edculos roubados, tr\u00e1fico de drogas, contrabando e porte ilegal de arma.<\/p>\n\n\n\n<p>A Base de Opera\u00e7\u00f5es A\u00e9reas da PRF, que atua em conjunto com o Servi\u00e7o de Atendimento M\u00f3vel de Urg\u00eancia (SAMU), estar\u00e1 de prontid\u00e3o para realizar resgates de v\u00edtimas de acidentes e acompanhar a opera\u00e7\u00e3o.<\/p>\n","protected":false},"excerpt":{"rendered":"<p>A Pol\u00edcia Rodovi\u00e1ria Federal (PRF) iniciou nessa sexta-feira (12) e segue at\u00e9 o domingo (21), em Pernambuco, a Opera\u00e7\u00e3o Semana&hellip;<\/p>\n","protected":false},"author":1,"featured_media":41142,"comment_status":"closed","ping_status":"open","sticky":false,"template":"","format":"standard","meta":{"footnotes":""},"categories":[14120],"tags":[2,14947],"class_list":["post-41141","post","type-post","status-publish","format-standard","has-post-thumbnail","hentry","category-noticias","tag-blog-do-edvaldo-magalhaes","tag-policia-rodoviaria-federal-realiza-a-operacao-semana-santa-nas-rodovias-de-pernambuco"],"_links":{"self":[{"href":"https:\/\/blogdoedvaldomagalhaes.com.br\/index.php\/wp-json\/wp\/v2\/posts\/41141","targetHints":{"allow":["GET"]}}],"collection":[{"href":"https:\/\/blogdoedvaldomagalhaes.com.br\/index.php\/wp-json\/wp\/v2\/posts"}],"about":[{"href":"https:\/\/blogdoedvaldomagalhaes.com.br\/index.php\/wp-json\/wp\/v2\/types\/post"}],"author":[{"embeddable":true,"href":"https:\/\/blogdoedvaldomagalhaes.com.br\/index.php\/wp-json\/wp\/v2\/users\/1"}],"replies":[{"embeddable":true,"href":"https:\/\/blogdoedvaldomagalhaes.com.br\/index.php\/wp-json\/wp\/v2\/comments?post=41141"}],"version-history":[{"count":1,"href":"https:\/\/blogdoedvaldomagalhaes.com.br\/index.php\/wp-json\/wp\/v2\/posts\/41141\/revisions"}],"predecessor-version":[{"id":41143,"href":"https:\/\/blogdoedvaldomagalhaes.com.br\/index.php\/wp-json\/wp\/v2\/posts\/41141\/revisions\/41143"}],"wp:featuredmedia":[{"embeddable":true,"href":"https:\/\/blogdoedvaldomagalhaes.com.br\/index.php\/wp-json\/wp\/v2\/media\/41142"}],"wp:attachment":[{"href":"https:\/\/blogdoedvaldomagalhaes.com.br\/index.php\/wp-json\/wp\/v2\/media?parent=41141"}],"wp:term":[{"taxonomy":"category","embeddable":true,"href":"https:\/\/blogdoedvaldomagalhaes.com.br\/index.php\/wp-json\/wp\/v2\/categories?post=41141"},{"taxonomy":"post_tag","embeddable":true,"href":"https:\/\/blogdoedvaldomagalhaes.com.br\/index.php\/wp-json\/wp\/v2\/tags?post=41141"}],"curies":[{"name":"wp","href":"https:\/\/api.w.org\/{rel}","templated":true}]}}