{"id":41137,"date":"2019-04-13T08:15:14","date_gmt":"2019-04-13T11:15:14","guid":{"rendered":"http:\/\/blogdoedvaldomagalhaes.com.br\/?p=41137"},"modified":"2019-04-14T08:59:36","modified_gmt":"2019-04-14T11:59:36","slug":"filho-acusado-de-matar-o-pai-a-pauladas-e-pedradas-em-caruaru","status":"publish","type":"post","link":"https:\/\/blogdoedvaldomagalhaes.com.br\/index.php\/2019\/04\/13\/filho-acusado-de-matar-o-pai-a-pauladas-e-pedradas-em-caruaru\/","title":{"rendered":"Filho acusado de matar o pai a pauladas e pedradas em Caruaru"},"content":{"rendered":"\n<p>Um crime b\u00e1rbaro aconteceu em Caruaru, Agreste pernambucano, na madrugada deste s\u00e1bado (13). De acordo com a pol\u00edcia, um adolescente de 17 anos matou o pr\u00f3prio pai a pauladas e pedradas, no bairro Jos\u00e9 Liberato.<\/p>\n\n\n\n<figure class=\"wp-block-image\"><img loading=\"lazy\" decoding=\"async\" width=\"1024\" height=\"768\" src=\"http:\/\/blogdoedvaldomagalhaes.com.br\/wp-content\/uploads\/2019\/04\/IMG-20190413-WA0066-1024x768.jpg\" alt=\"\" class=\"wp-image-41147\" srcset=\"https:\/\/blogdoedvaldomagalhaes.com.br\/wp-content\/uploads\/2019\/04\/IMG-20190413-WA0066-1024x768.jpg 1024w, https:\/\/blogdoedvaldomagalhaes.com.br\/wp-content\/uploads\/2019\/04\/IMG-20190413-WA0066-300x225.jpg 300w, https:\/\/blogdoedvaldomagalhaes.com.br\/wp-content\/uploads\/2019\/04\/IMG-20190413-WA0066-768x576.jpg 768w, https:\/\/blogdoedvaldomagalhaes.com.br\/wp-content\/uploads\/2019\/04\/IMG-20190413-WA0066-160x120.jpg 160w, https:\/\/blogdoedvaldomagalhaes.com.br\/wp-content\/uploads\/2019\/04\/IMG-20190413-WA0066.jpg 1280w\" sizes=\"auto, (max-width: 1024px) 100vw, 1024px\" \/><figcaption>Foto da v\u00edtima\/Blog do Edvaldo Magalh\u00e3es <\/figcaption><\/figure>\n\n\n\n<p>Josinaldo Ramos da Silva,\n49 anos, foi socorrido e morreu no Hospital Regional do Agreste (HRA). O\nadolescente foi apreendido e ser\u00e1 apresentado no Minist\u00e9rio P\u00fablico.<\/p>\n\n\n\n<p>Este foi o segundo homic\u00eddio do fim de semana em Caruaru. Na noite dessa sexta-feira (12), um casal foi baleado no Loteamento Copacabana, pr\u00f3ximo ao bairro Cidade Jardim.<\/p>\n\n\n\n<p>O jovem&nbsp;<a href=\"http:\/\/liberdade.com.br\/jovem-de-20-anos-e-assassinado-a-tiros-em-caruaru-e-esposa-dele-fica-ferida\/\">Jos\u00e9 Roberto da\nSilva Macedo<\/a>, 20 anos, morreu no local e a esposa dele, Amanda Joice\nda Silva Guedes, tamb\u00e9m de 20 anos, foi socorrida pelo Samu para o HRA.<\/p>\n\n\n\n<p>De acordo com\ninvestiga\u00e7\u00f5es policiais, o crime pode ter rela\u00e7\u00e3o com o tr\u00e1fico de drogas. O\ncasal j\u00e1 havia sido preso.<\/p>\n\n\n\n<p>Com estas duas mortes,\nsobe para 8 o n\u00famero de homic\u00eddios em Caruaru e para 54 neste ano de 2019.<\/p>\n\n\n\n<p>Em&nbsp;<strong>Toritama<\/strong>,\nfoi assassinado a tiros Lucas Bezerra da Silva, 28 anos. Ele estava em um\nchurrasquinho, no centro da cidade, quando foi surpreendido por desconhecidos\nem um carro.<\/p>\n\n\n\n<p>Em&nbsp;<strong>Bezerros<\/strong>,\num adolescente foi assassinado dentro de uma academia, no bairro Santo Ant\u00f4nio.\nAdriano Pedro da Silva, 17 anos, foi morto por desconhecidos.<\/p>\n\n\n\n<p>Em&nbsp;<strong>Catende<\/strong>,\nna Zona da Mata Sul de Pernambuco, aconteceu um crime b\u00e1rbaro. Eliandro Jos\u00e9 da\nSilva, 29 anos, foi executado na frente da esposa e de um filho de 7 anos. Os\nassassinos decapitaram a cabe\u00e7a da v\u00edtima.<\/p>\n\n\n\n<p>Segundo a pol\u00edcia, o crime\nfoi motivado por d\u00edvida de drogas. Dois homens e cinco adolescentes foram\npresos suspeitos do crime. Com eles, foram apreendidas armas e drogas.<\/p>\n\n\n\n<p>Nas \u00faltimas 24 horas, sete pessoas foram assassinadas em Pernambuco. Dois crimes aconteceram na Regi\u00e3o Metropolitana do Recife e 5 no interior. No ano s\u00e3o 855 crimes, 380 no Grande Recife e 475 no interior.<\/p>\n\n\n\n<p>Informa\u00e7\u00f5es: Helenivaldo Pereira\/R\u00e1dio Liberdade.<\/p>\n","protected":false},"excerpt":{"rendered":"<p>Um crime b\u00e1rbaro aconteceu em Caruaru, Agreste pernambucano, na madrugada deste s\u00e1bado (13). De acordo com a pol\u00edcia, um adolescente&hellip;<\/p>\n","protected":false},"author":1,"featured_media":41138,"comment_status":"closed","ping_status":"open","sticky":false,"template":"","format":"standard","meta":{"footnotes":""},"categories":[14121],"tags":[2,14946],"class_list":["post-41137","post","type-post","status-publish","format-standard","has-post-thumbnail","hentry","category-policial","tag-blog-do-edvaldo-magalhaes","tag-filho-acusado-de-matar-o-pai-a-pauladas-e-pedradas-em-caruaru"],"_links":{"self":[{"href":"https:\/\/blogdoedvaldomagalhaes.com.br\/index.php\/wp-json\/wp\/v2\/posts\/41137","targetHints":{"allow":["GET"]}}],"collection":[{"href":"https:\/\/blogdoedvaldomagalhaes.com.br\/index.php\/wp-json\/wp\/v2\/posts"}],"about":[{"href":"https:\/\/blogdoedvaldomagalhaes.com.br\/index.php\/wp-json\/wp\/v2\/types\/post"}],"author":[{"embeddable":true,"href":"https:\/\/blogdoedvaldomagalhaes.com.br\/index.php\/wp-json\/wp\/v2\/users\/1"}],"replies":[{"embeddable":true,"href":"https:\/\/blogdoedvaldomagalhaes.com.br\/index.php\/wp-json\/wp\/v2\/comments?post=41137"}],"version-history":[{"count":4,"href":"https:\/\/blogdoedvaldomagalhaes.com.br\/index.php\/wp-json\/wp\/v2\/posts\/41137\/revisions"}],"predecessor-version":[{"id":41148,"href":"https:\/\/blogdoedvaldomagalhaes.com.br\/index.php\/wp-json\/wp\/v2\/posts\/41137\/revisions\/41148"}],"wp:featuredmedia":[{"embeddable":true,"href":"https:\/\/blogdoedvaldomagalhaes.com.br\/index.php\/wp-json\/wp\/v2\/media\/41138"}],"wp:attachment":[{"href":"https:\/\/blogdoedvaldomagalhaes.com.br\/index.php\/wp-json\/wp\/v2\/media?parent=41137"}],"wp:term":[{"taxonomy":"category","embeddable":true,"href":"https:\/\/blogdoedvaldomagalhaes.com.br\/index.php\/wp-json\/wp\/v2\/categories?post=41137"},{"taxonomy":"post_tag","embeddable":true,"href":"https:\/\/blogdoedvaldomagalhaes.com.br\/index.php\/wp-json\/wp\/v2\/tags?post=41137"}],"curies":[{"name":"wp","href":"https:\/\/api.w.org\/{rel}","templated":true}]}}