{"id":41120,"date":"2019-04-12T23:47:53","date_gmt":"2019-04-13T02:47:53","guid":{"rendered":"http:\/\/blogdoedvaldomagalhaes.com.br\/?p=41120"},"modified":"2019-04-13T08:10:00","modified_gmt":"2019-04-13T11:10:00","slug":"jovem-e-assassinado-a-tiros-em-caruaru-e-esposa-dele-fica-ferida","status":"publish","type":"post","link":"https:\/\/blogdoedvaldomagalhaes.com.br\/index.php\/2019\/04\/12\/jovem-e-assassinado-a-tiros-em-caruaru-e-esposa-dele-fica-ferida\/","title":{"rendered":"Jovem \u00e9 assassinado a tiros em Caruaru e esposa dele fica ferida"},"content":{"rendered":"\n<p>O fim de semana come\u00e7ou com viol\u00eancia na cidade de Caruaru, Agreste pernambucano. Um casal foi baleado na noite desta sexta-feira (12), no Loteamento Copacabana, pr\u00f3ximo ao bairro Cidade Jardim.<\/p>\n\n\n\n<p>O jovem Jos\u00e9 Roberto da Silva Macedo, 20 anos, morreu no local e a esposa dele, Amanda Joice Roberto da Silva Guedes, tamb\u00e9m de 20 anos, foi socorrida pelo Samu para o Hospital Regional do Agreste (HRA).<\/p>\n\n\n\n<figure class=\"wp-block-image\"><img loading=\"lazy\" decoding=\"async\" width=\"280\" height=\"220\" src=\"http:\/\/blogdoedvaldomagalhaes.com.br\/wp-content\/uploads\/2019\/04\/FB_IMG_1555126832386.jpg\" alt=\"\" class=\"wp-image-41125\"\/><figcaption>Foto das v\u00edtimas<\/figcaption><\/figure>\n\n\n\n<p>De acordo com investiga\u00e7\u00f5es policiais, o crime pode ter rela\u00e7\u00e3o com o tr\u00e1fico de drogas. O casal j\u00e1 havia sido preso.<\/p>\n\n\n\n<p>Este \u00e9 o 7\u00ba homic\u00eddio do m\u00eas de abril em Caruaru, elevando para 53 homic\u00eddios neste ano de 2019 no munic\u00edpio.<\/p>\n\n\n\n<figure class=\"wp-block-image\"><img loading=\"lazy\" decoding=\"async\" width=\"280\" height=\"197\" src=\"http:\/\/blogdoedvaldomagalhaes.com.br\/wp-content\/uploads\/2019\/04\/FB_IMG_1555126542277.jpg\" alt=\"\" class=\"wp-image-41123\"\/><figcaption>V\u00edtima de homicidio em Toritama<\/figcaption><\/figure>\n\n\n\n<p>No centro de Toritama, foi assassinado com seis tiros de pistola ponto 40, na noite desta sexta-feira (12), Lucas Bezerra da Silva, conhecido por \u201cLucas de Mudo\u201d de 28 anos de idade,  residente na mesma rua do crime. O corpo foi encaminhado para o IML de Caruaru.<\/p>\n\n\n\n<figure class=\"wp-block-image\"><img loading=\"lazy\" decoding=\"async\" width=\"720\" height=\"827\" src=\"http:\/\/blogdoedvaldomagalhaes.com.br\/wp-content\/uploads\/2019\/04\/IMG-20190412-WA0085.jpg\" alt=\"\" class=\"wp-image-41129\" srcset=\"https:\/\/blogdoedvaldomagalhaes.com.br\/wp-content\/uploads\/2019\/04\/IMG-20190412-WA0085.jpg 720w, https:\/\/blogdoedvaldomagalhaes.com.br\/wp-content\/uploads\/2019\/04\/IMG-20190412-WA0085-261x300.jpg 261w\" sizes=\"auto, (max-width: 720px) 100vw, 720px\" \/><figcaption>V\u00edtima em Bezerros<\/figcaption><\/figure>\n\n\n\n<p>Em Bezerros, o adolescente Adriano Pedro da Silva, de 17 anos de idade, foi assassinado no bairro Santo Ant\u00f4nio. Segundo informa\u00e7\u00f5es, a v\u00edtima estava em frente a uma panificadora onde trabalhava, quando teria sido abordada por indiv\u00edduos at\u00e9 o momento desconhecidos, que chegaram atirando. Com ferimentos na cabe\u00e7a, a v\u00edtima tentou fugir, entrando em uma academia, mas n\u00e3o suportou a gravidade dos ferimentos e morreu dentro do estabelecimento  O corpo da v\u00edtima foi encaminhado para o Instituto de Medicina Legal (IML) de Caruaru.<\/p>\n\n\n\n<p>Informa\u00e7\u00f5es: Helenivaldo Pereira\/R\u00e1dio Liberdade.<\/p>\n","protected":false},"excerpt":{"rendered":"<p>O fim de semana come\u00e7ou com viol\u00eancia na cidade de Caruaru, Agreste pernambucano. Um casal foi baleado na noite desta&hellip;<\/p>\n","protected":false},"author":1,"featured_media":41121,"comment_status":"closed","ping_status":"open","sticky":false,"template":"","format":"standard","meta":{"footnotes":""},"categories":[14121],"tags":[2,14945],"class_list":["post-41120","post","type-post","status-publish","format-standard","has-post-thumbnail","hentry","category-policial","tag-blog-do-edvaldo-magalhaes","tag-jovem-e-assassinado-a-tiros-em-caruaru-e-esposa-dele-fica-ferida"],"_links":{"self":[{"href":"https:\/\/blogdoedvaldomagalhaes.com.br\/index.php\/wp-json\/wp\/v2\/posts\/41120","targetHints":{"allow":["GET"]}}],"collection":[{"href":"https:\/\/blogdoedvaldomagalhaes.com.br\/index.php\/wp-json\/wp\/v2\/posts"}],"about":[{"href":"https:\/\/blogdoedvaldomagalhaes.com.br\/index.php\/wp-json\/wp\/v2\/types\/post"}],"author":[{"embeddable":true,"href":"https:\/\/blogdoedvaldomagalhaes.com.br\/index.php\/wp-json\/wp\/v2\/users\/1"}],"replies":[{"embeddable":true,"href":"https:\/\/blogdoedvaldomagalhaes.com.br\/index.php\/wp-json\/wp\/v2\/comments?post=41120"}],"version-history":[{"count":6,"href":"https:\/\/blogdoedvaldomagalhaes.com.br\/index.php\/wp-json\/wp\/v2\/posts\/41120\/revisions"}],"predecessor-version":[{"id":41130,"href":"https:\/\/blogdoedvaldomagalhaes.com.br\/index.php\/wp-json\/wp\/v2\/posts\/41120\/revisions\/41130"}],"wp:featuredmedia":[{"embeddable":true,"href":"https:\/\/blogdoedvaldomagalhaes.com.br\/index.php\/wp-json\/wp\/v2\/media\/41121"}],"wp:attachment":[{"href":"https:\/\/blogdoedvaldomagalhaes.com.br\/index.php\/wp-json\/wp\/v2\/media?parent=41120"}],"wp:term":[{"taxonomy":"category","embeddable":true,"href":"https:\/\/blogdoedvaldomagalhaes.com.br\/index.php\/wp-json\/wp\/v2\/categories?post=41120"},{"taxonomy":"post_tag","embeddable":true,"href":"https:\/\/blogdoedvaldomagalhaes.com.br\/index.php\/wp-json\/wp\/v2\/tags?post=41120"}],"curies":[{"name":"wp","href":"https:\/\/api.w.org\/{rel}","templated":true}]}}