{"id":4106,"date":"2017-11-08T19:20:00","date_gmt":"2017-11-08T21:20:00","guid":{"rendered":"http:\/\/blogdoedvaldomagalhaes.com.br\/index.php\/2017\/11\/08\/mulher-estuprada-dentro-da-propria\/"},"modified":"2019-02-09T01:52:01","modified_gmt":"2019-02-09T03:52:01","slug":"mulher-estuprada-dentro-da-propria","status":"publish","type":"post","link":"https:\/\/blogdoedvaldomagalhaes.com.br\/index.php\/2017\/11\/08\/mulher-estuprada-dentro-da-propria\/","title":{"rendered":"Mulher estuprada dentro da pr\u00f3pria resid\u00eancia, marido chega e pega o tarado"},"content":{"rendered":"<div class=\"separator\" style=\"clear: both; text-align: center;\">\n<a href=\"https:\/\/1.bp.blogspot.com\/-dtMTjakWKMA\/WgNW0j-QoYI\/AAAAAAAAjrM\/CVNCH9FvhFcY3QlU1oE55tIxCjMLwjU7gCLcBGAs\/s1600\/tarado.jpg\" imageanchor=\"1\" style=\"margin-left: 1em; margin-right: 1em;\"><img loading=\"lazy\" decoding=\"async\" border=\"0\" data-original-height=\"960\" data-original-width=\"518\" height=\"400\" src=\"http:\/\/blogdoedvaldomagalhaes.com.br\/wp-content\/uploads\/2017\/11\/tarado.jpg\" width=\"215\" \/><\/a><\/div>\n<div class=\"separator\" style=\"clear: both; text-align: center;\">\nFoto; WhatsApp\/Cortesia<\/div>\n<div class=\"separator\" style=\"clear: both; text-align: center;\">\n<\/div>\n<div class=\"separator\" style=\"clear: both; text-align: justify;\">\nNa manh\u00e3 desta quarta-feira (08), em S\u00e3o Caetano, no Agreste de Pernambuco, um homem ao chegar em sua resid\u00eancia se<br \/>\ndeparou com um estuprador violentando sua esposa,&nbsp; a dom\u00e9stica de iniciais MAM de 31 anos. O tarado amarrou e violentou a mulher, provavelmente ele iria mata-la,&nbsp; j\u00e1 que estava com duas facas. O esposo conseguiu deter o tarado e o arrastar para fora de casa. Populares lincharam o acusado at\u00e9 a chegada da pol\u00edcia.&nbsp;<\/div>\n<div class=\"separator\" style=\"clear: both; text-align: justify;\">\n<\/div>\n<div class=\"separator\" style=\"clear: both; text-align: center;\">\n<a href=\"https:\/\/2.bp.blogspot.com\/-ePYHBH4S5Bo\/WgNZKwL1qHI\/AAAAAAAAjrY\/TVf2im5zkLQ7m0cegisrmb14TgBTN4YTwCLcBGAs\/s1600\/vitima.jpg\" imageanchor=\"1\" style=\"margin-left: 1em; margin-right: 1em;\"><img loading=\"lazy\" decoding=\"async\" border=\"0\" data-original-height=\"510\" data-original-width=\"624\" height=\"325\" src=\"http:\/\/blogdoedvaldomagalhaes.com.br\/wp-content\/uploads\/2017\/11\/vitima.jpg\" width=\"400\" \/><\/a><\/div>\n<div class=\"separator\" style=\"clear: both; text-align: center;\">\nFoto da v\u00edtima<\/div>\n<div class=\"separator\" style=\"clear: both; text-align: justify;\">\n<\/div>\n<div class=\"separator\" style=\"clear: both; text-align: justify;\">\nO acusado foi<br \/>\nidentificado por Manoel Linhares Neto, 28 anos de idade, e que j\u00e1 tem cinco passagens pela<br \/>\n pol\u00edcia por assaltos, tentativa de homic\u00eddio e dois estupros. Ele foi encaminhado<br \/>\npara Delegacia de Pol\u00edcia de S\u00e3o Caetano e ser\u00e1 conduzido para o<br \/>\npres\u00eddio. A mulher foi encaminhada para o hospital e est\u00e1 sob cuidados<br \/>\nm\u00e9dicos.<\/div>\n","protected":false},"excerpt":{"rendered":"<p>Foto; WhatsApp\/Cortesia Na manh\u00e3 desta quarta-feira (08), em S\u00e3o Caetano, no Agreste de Pernambuco, um homem ao chegar em sua&hellip;<\/p>\n","protected":false},"author":1,"featured_media":0,"comment_status":"open","ping_status":"open","sticky":false,"template":"","format":"standard","meta":{"footnotes":""},"categories":[1],"tags":[2,5019,13,4668],"class_list":["post-4106","post","type-post","status-publish","format-standard","hentry","category-sem-categoria","tag-blog-do-edvaldo-magalhaes","tag-mulher-estuprada-dentro-da-propria-residencia-marido-chega-e-pega-o-tarado","tag-policial","tag-ultimas-noticias-policiais"],"_links":{"self":[{"href":"https:\/\/blogdoedvaldomagalhaes.com.br\/index.php\/wp-json\/wp\/v2\/posts\/4106","targetHints":{"allow":["GET"]}}],"collection":[{"href":"https:\/\/blogdoedvaldomagalhaes.com.br\/index.php\/wp-json\/wp\/v2\/posts"}],"about":[{"href":"https:\/\/blogdoedvaldomagalhaes.com.br\/index.php\/wp-json\/wp\/v2\/types\/post"}],"author":[{"embeddable":true,"href":"https:\/\/blogdoedvaldomagalhaes.com.br\/index.php\/wp-json\/wp\/v2\/users\/1"}],"replies":[{"embeddable":true,"href":"https:\/\/blogdoedvaldomagalhaes.com.br\/index.php\/wp-json\/wp\/v2\/comments?post=4106"}],"version-history":[{"count":1,"href":"https:\/\/blogdoedvaldomagalhaes.com.br\/index.php\/wp-json\/wp\/v2\/posts\/4106\/revisions"}],"predecessor-version":[{"id":25973,"href":"https:\/\/blogdoedvaldomagalhaes.com.br\/index.php\/wp-json\/wp\/v2\/posts\/4106\/revisions\/25973"}],"wp:attachment":[{"href":"https:\/\/blogdoedvaldomagalhaes.com.br\/index.php\/wp-json\/wp\/v2\/media?parent=4106"}],"wp:term":[{"taxonomy":"category","embeddable":true,"href":"https:\/\/blogdoedvaldomagalhaes.com.br\/index.php\/wp-json\/wp\/v2\/categories?post=4106"},{"taxonomy":"post_tag","embeddable":true,"href":"https:\/\/blogdoedvaldomagalhaes.com.br\/index.php\/wp-json\/wp\/v2\/tags?post=4106"}],"curies":[{"name":"wp","href":"https:\/\/api.w.org\/{rel}","templated":true}]}}