{"id":4105,"date":"2017-11-08T22:48:00","date_gmt":"2017-11-09T00:48:00","guid":{"rendered":"http:\/\/blogdoedvaldomagalhaes.com.br\/index.php\/2017\/11\/08\/volante-douglas-carioca-volta-ao\/"},"modified":"2019-02-09T01:52:01","modified_gmt":"2019-02-09T03:52:01","slug":"volante-douglas-carioca-volta-ao","status":"publish","type":"post","link":"https:\/\/blogdoedvaldomagalhaes.com.br\/index.php\/2017\/11\/08\/volante-douglas-carioca-volta-ao\/","title":{"rendered":"Volante Douglas Carioca volta ao Central de Caruaru"},"content":{"rendered":"<div class=\"separator\" style=\"clear: both; text-align: center;\">\n<a href=\"https:\/\/3.bp.blogspot.com\/-fbqZXDytxtA\/WgOJfas0EFI\/AAAAAAAAjsA\/MkdT9Ioy2H4W84XetFVHU1AAFyC6s5M3ACLcBGAs\/s1600\/IMG-20171108-WA0210.jpg\" imageanchor=\"1\" style=\"margin-left: 1em; margin-right: 1em;\"><img loading=\"lazy\" decoding=\"async\" border=\"0\" data-original-height=\"1256\" data-original-width=\"1000\" height=\"400\" src=\"http:\/\/blogdoedvaldomagalhaes.com.br\/wp-content\/uploads\/2017\/11\/IMG-20171108-WA0210.jpg\" width=\"317\" \/><\/a><\/div>\n<p>\nO volante Douglas Carioca, de 26 anos, est\u00e1 de volta ao Central de Caruaru. O atleta \u00e9 a terceira contra\u00e7\u00e3o para a temporada 2018.<\/p>\n<p>Carioca volta para sua segunda passagem na Patativa do Agreste.Esteve no clube na S\u00e9rie D de 2016 e foi um dos destaques do elenco.<\/p>\n<p>Al\u00e9m do Central, Carioca j\u00e1 passou por Corinthians, Flamengo\/SP, Guarany de Sobral, Gr\u00eamio Prudente, Boca J\u00fanior\/SE e Picos\/PI.<\/p>\n","protected":false},"excerpt":{"rendered":"<p>O volante Douglas Carioca, de 26 anos, est\u00e1 de volta ao Central de Caruaru. O atleta \u00e9 a terceira contra\u00e7\u00e3o&hellip;<\/p>\n","protected":false},"author":1,"featured_media":0,"comment_status":"open","ping_status":"open","sticky":false,"template":"","format":"standard","meta":{"footnotes":""},"categories":[1],"tags":[],"class_list":["post-4105","post","type-post","status-publish","format-standard","hentry","category-sem-categoria"],"_links":{"self":[{"href":"https:\/\/blogdoedvaldomagalhaes.com.br\/index.php\/wp-json\/wp\/v2\/posts\/4105","targetHints":{"allow":["GET"]}}],"collection":[{"href":"https:\/\/blogdoedvaldomagalhaes.com.br\/index.php\/wp-json\/wp\/v2\/posts"}],"about":[{"href":"https:\/\/blogdoedvaldomagalhaes.com.br\/index.php\/wp-json\/wp\/v2\/types\/post"}],"author":[{"embeddable":true,"href":"https:\/\/blogdoedvaldomagalhaes.com.br\/index.php\/wp-json\/wp\/v2\/users\/1"}],"replies":[{"embeddable":true,"href":"https:\/\/blogdoedvaldomagalhaes.com.br\/index.php\/wp-json\/wp\/v2\/comments?post=4105"}],"version-history":[{"count":1,"href":"https:\/\/blogdoedvaldomagalhaes.com.br\/index.php\/wp-json\/wp\/v2\/posts\/4105\/revisions"}],"predecessor-version":[{"id":25975,"href":"https:\/\/blogdoedvaldomagalhaes.com.br\/index.php\/wp-json\/wp\/v2\/posts\/4105\/revisions\/25975"}],"wp:attachment":[{"href":"https:\/\/blogdoedvaldomagalhaes.com.br\/index.php\/wp-json\/wp\/v2\/media?parent=4105"}],"wp:term":[{"taxonomy":"category","embeddable":true,"href":"https:\/\/blogdoedvaldomagalhaes.com.br\/index.php\/wp-json\/wp\/v2\/categories?post=4105"},{"taxonomy":"post_tag","embeddable":true,"href":"https:\/\/blogdoedvaldomagalhaes.com.br\/index.php\/wp-json\/wp\/v2\/tags?post=4105"}],"curies":[{"name":"wp","href":"https:\/\/api.w.org\/{rel}","templated":true}]}}