{"id":4103,"date":"2017-11-09T10:43:00","date_gmt":"2017-11-09T12:43:00","guid":{"rendered":"http:\/\/blogdoedvaldomagalhaes.com.br\/index.php\/2017\/11\/09\/morre-no-hra-ex-interno-da-funase\/"},"modified":"2019-02-09T01:52:02","modified_gmt":"2019-02-09T03:52:02","slug":"morre-no-hra-ex-interno-da-funase","status":"publish","type":"post","link":"https:\/\/blogdoedvaldomagalhaes.com.br\/index.php\/2017\/11\/09\/morre-no-hra-ex-interno-da-funase\/","title":{"rendered":"Morre no HRA ex-interno da Funase baleado em Caruaru nessa quarta (8)"},"content":{"rendered":"<div class=\"separator\" style=\"clear: both; text-align: center;\">\n<a href=\"https:\/\/4.bp.blogspot.com\/-riaxNTLNXas\/WgQxSlILonI\/AAAAAAAAjuk\/Isd2nBCTcYk-C-KjqDZby3AFO6X0p0hbACLcBGAs\/s1600\/hra.jpg\" imageanchor=\"1\" style=\"margin-left: 1em; margin-right: 1em;\"><img loading=\"lazy\" decoding=\"async\" border=\"0\" data-original-height=\"225\" data-original-width=\"400\" height=\"225\" src=\"http:\/\/blogdoedvaldomagalhaes.com.br\/wp-content\/uploads\/2017\/11\/hra-1.jpg\" width=\"400\" \/><\/a><\/div>\n<div style=\"background-color: white; box-sizing: border-box; line-height: 24px; margin-bottom: 10px; text-align: justify;\">\n<\/div>\n<div style=\"background-color: white; box-sizing: border-box; line-height: 24px; margin-bottom: 10px; text-align: justify;\">\nMorreu na manh\u00e3 desta quinta-feira (09), no Hospital Regional do Agreste (HRA), o jovem baleado na noite desta quarta (08), no bairro Santa Rosa, em Caruaru, Agreste de Pernambuco. Vitor Augusto de Lira, 21 anos, conhecido por \u201cVitinho\u201d, foi atingido com tr\u00eas tiros.<\/div>\n<div style=\"background-color: white; box-sizing: border-box; line-height: 24px; margin-bottom: 10px; text-align: justify;\">\nO jovem foi surpreendido por dois homens em uma motocicleta e um deles efetuou os disparos. Nenhum suspeito preso.<\/div>\n<div style=\"background-color: white; box-sizing: border-box; line-height: 24px; margin-bottom: 10px; text-align: justify;\">\nCom este crime, sobe para 5 o n\u00famero de homic\u00eddios no m\u00eas de novembro e para 239 em 2017 no munic\u00edpio.<\/div>\n","protected":false},"excerpt":{"rendered":"<p>Morreu na manh\u00e3 desta quinta-feira (09), no Hospital Regional do Agreste (HRA), o jovem baleado na noite desta quarta (08),&hellip;<\/p>\n","protected":false},"author":1,"featured_media":0,"comment_status":"open","ping_status":"open","sticky":false,"template":"","format":"standard","meta":{"footnotes":""},"categories":[1],"tags":[1970,2,312,5017,13],"class_list":["post-4103","post","type-post","status-publish","format-standard","hentry","category-sem-categoria","tag-bairro-santa-rosa","tag-blog-do-edvaldo-magalhaes","tag-hospital-regional-do-agreste","tag-morre-no-hra-ex-interno-da-funase-baleado-em-caruaru-nessa-quarta-8","tag-policial"],"_links":{"self":[{"href":"https:\/\/blogdoedvaldomagalhaes.com.br\/index.php\/wp-json\/wp\/v2\/posts\/4103","targetHints":{"allow":["GET"]}}],"collection":[{"href":"https:\/\/blogdoedvaldomagalhaes.com.br\/index.php\/wp-json\/wp\/v2\/posts"}],"about":[{"href":"https:\/\/blogdoedvaldomagalhaes.com.br\/index.php\/wp-json\/wp\/v2\/types\/post"}],"author":[{"embeddable":true,"href":"https:\/\/blogdoedvaldomagalhaes.com.br\/index.php\/wp-json\/wp\/v2\/users\/1"}],"replies":[{"embeddable":true,"href":"https:\/\/blogdoedvaldomagalhaes.com.br\/index.php\/wp-json\/wp\/v2\/comments?post=4103"}],"version-history":[{"count":1,"href":"https:\/\/blogdoedvaldomagalhaes.com.br\/index.php\/wp-json\/wp\/v2\/posts\/4103\/revisions"}],"predecessor-version":[{"id":25981,"href":"https:\/\/blogdoedvaldomagalhaes.com.br\/index.php\/wp-json\/wp\/v2\/posts\/4103\/revisions\/25981"}],"wp:attachment":[{"href":"https:\/\/blogdoedvaldomagalhaes.com.br\/index.php\/wp-json\/wp\/v2\/media?parent=4103"}],"wp:term":[{"taxonomy":"category","embeddable":true,"href":"https:\/\/blogdoedvaldomagalhaes.com.br\/index.php\/wp-json\/wp\/v2\/categories?post=4103"},{"taxonomy":"post_tag","embeddable":true,"href":"https:\/\/blogdoedvaldomagalhaes.com.br\/index.php\/wp-json\/wp\/v2\/tags?post=4103"}],"curies":[{"name":"wp","href":"https:\/\/api.w.org\/{rel}","templated":true}]}}