{"id":41020,"date":"2019-04-10T20:38:16","date_gmt":"2019-04-10T23:38:16","guid":{"rendered":"http:\/\/blogdoedvaldomagalhaes.com.br\/?p=41020"},"modified":"2019-04-11T07:06:01","modified_gmt":"2019-04-11T10:06:01","slug":"perpetua-dantas-ira-a-brasilia-para-ato-em-favor-de-cofinanciamento-federal","status":"publish","type":"post","link":"https:\/\/blogdoedvaldomagalhaes.com.br\/index.php\/2019\/04\/10\/perpetua-dantas-ira-a-brasilia-para-ato-em-favor-de-cofinanciamento-federal\/","title":{"rendered":"Perp\u00e9tua Dantas ir\u00e1 \u00e0 Bras\u00edlia para ato em favor de cofinanciamento federal"},"content":{"rendered":"\n<p>A partir dessa agenda se dar\u00e1 in\u00edcio ao processo de mobiliza\u00e7\u00e3o nacional pelo mantenimento dos recursos para os servi\u00e7os socioassistenciais<\/p>\n\n\n\n<p>A secret\u00e1ria de Desenvolvimento Social e Direitos Humanos de Caruaru, Perp\u00e9tua Dantas, viajar\u00e1 para Bras\u00edlia na pr\u00f3xima semana para participar de uma semana de agendas em fun\u00e7\u00e3o dos recorrentes atrasos no cofinanciamento federal dos servi\u00e7os socioassistenciais. Entre os compromissos, est\u00e1 o ato no Sal\u00e3o Nobre na C\u00e2mara dos Deputados, na ter\u00e7a-feira (16), \u00e0s 15h, em favor da regulariza\u00e7\u00e3o do cofinanciamento federal do SUAS (Sistema \u00danico de Assist\u00eancia Social). A pauta \u00e9 do Congemas (Colegiado Nacional de Gestores Municipais de Assist\u00eancia Social) &#8211; que cuida de toda pol\u00edtica de assist\u00eancia social &#8211; e ser\u00e1 a partir dela que se dar\u00e1 in\u00edcio ao processo de mobiliza\u00e7\u00e3o nacional nos munic\u00edpios brasileiros, prevista para o dia 26 deste m\u00eas.<\/p>\n\n\n\n<p>Ainda na ter\u00e7a-feira (16), \u00e0s 10h, ter\u00e1 uma assembleia extraordin\u00e1ria do Congemas na Quadra \u201c05\u201d, do Bloco \u201cF\u201d, do Edif\u00edcio da Associa\u00e7\u00e3o Brasileira de Munic\u00edpios. A agenda de compromissos da secret\u00e1ria inicia na segunda-feira (15) com o deputado federal Daniel Coelho, apoiado pela prefeita de Caruaru, Raquel Lyra, que estar\u00e1 recebendo a comiss\u00e3o de gestores municipais (em que a secret\u00e1ria Perp\u00e9tua Dantas estar\u00e1 representando Caruaru), junto com outros deputados que fazem parte da Frente Parlamentar em Defesa do Suas, que ser\u00e3o parceiros das a\u00e7\u00f5es.<\/p>\n\n\n\n<p>A agenda tamb\u00e9m prev\u00ea a 170\u00aa Reuni\u00e3o da Comiss\u00e3o Intergestores Tripartites (CIT), que acontecer\u00e1 na quarta-feira (17), \u00e0s 09h, no Conselho Nacional de Assist\u00eancia Social (CNAS). \u201cA gente precisa alertar a popula\u00e7\u00e3o dos munic\u00edpios de que, se essa pol\u00edtica de assist\u00eancia for desmontada, desmonta tamb\u00e9m a vida de todo mundo. Impacta na seguran\u00e7a p\u00fablica, por exemplo, j\u00e1 que garante emancipa\u00e7\u00e3o individual para as vidas das pessoas, seja atrav\u00e9s da distribui\u00e7\u00e3o de renda, ou de a\u00e7\u00f5es sociais de interven\u00e7\u00e3o efetiva, e a\u00ed vai ser um grande retrocesso se a gente perder essa pol\u00edtica\u201d, ressaltou Perp\u00e9tua.<\/p>\n\n\n\n<p>Os projetos que podem vir a ser prejudicados sem o cofinanciamento s\u00e3o os que envolvem a prote\u00e7\u00e3o b\u00e1sica e especial, como os CRAS, CREAS, as casas de acolhimento de crian\u00e7as, projetos como CAUD e toda pol\u00edtica de inf\u00e2ncia e juventude em equipamentos p\u00fablicos mantidos pelo recurso federal. As a\u00e7\u00f5es envolvem atividades como as promovidas pelo Servi\u00e7o de Conviv\u00eancia e Fortalecimento de V\u00ednculos (SCFV), impactando diretamente na gest\u00e3o dos munic\u00edpios, por exemplo, nas oficinas e interven\u00e7\u00f5es culturais, e tamb\u00e9m no Cadastro \u00danico (Cad\u00danico) que faz os atendimentos do BPC, Bolsa Fam\u00edlia, al\u00e9m dos benef\u00edcios eventuais como Aux\u00edlio Funeral e Aluguel Social.<\/p>\n\n\n\n<p>Foto: Roberto Pereira J\u00fanior\/Divulga\u00e7\u00e3o<\/p>\n","protected":false},"excerpt":{"rendered":"<p>A partir dessa agenda se dar\u00e1 in\u00edcio ao processo de mobiliza\u00e7\u00e3o nacional pelo mantenimento dos recursos para os servi\u00e7os socioassistenciais&hellip;<\/p>\n","protected":false},"author":1,"featured_media":41021,"comment_status":"closed","ping_status":"open","sticky":false,"template":"","format":"standard","meta":{"footnotes":""},"categories":[14122],"tags":[2,8546,14920,14916,7047],"class_list":["post-41020","post","type-post","status-publish","format-standard","has-post-thumbnail","hentry","category-politica","tag-blog-do-edvaldo-magalhaes","tag-camara-dos-deputados","tag-caud","tag-perpetua-dantas-ira-a-brasilia-para-ato-em-favor-de-cofinanciamento-federal","tag-secretaria-de-desenvolvimento-social-e-direitos-humanos"],"_links":{"self":[{"href":"https:\/\/blogdoedvaldomagalhaes.com.br\/index.php\/wp-json\/wp\/v2\/posts\/41020","targetHints":{"allow":["GET"]}}],"collection":[{"href":"https:\/\/blogdoedvaldomagalhaes.com.br\/index.php\/wp-json\/wp\/v2\/posts"}],"about":[{"href":"https:\/\/blogdoedvaldomagalhaes.com.br\/index.php\/wp-json\/wp\/v2\/types\/post"}],"author":[{"embeddable":true,"href":"https:\/\/blogdoedvaldomagalhaes.com.br\/index.php\/wp-json\/wp\/v2\/users\/1"}],"replies":[{"embeddable":true,"href":"https:\/\/blogdoedvaldomagalhaes.com.br\/index.php\/wp-json\/wp\/v2\/comments?post=41020"}],"version-history":[{"count":2,"href":"https:\/\/blogdoedvaldomagalhaes.com.br\/index.php\/wp-json\/wp\/v2\/posts\/41020\/revisions"}],"predecessor-version":[{"id":41023,"href":"https:\/\/blogdoedvaldomagalhaes.com.br\/index.php\/wp-json\/wp\/v2\/posts\/41020\/revisions\/41023"}],"wp:featuredmedia":[{"embeddable":true,"href":"https:\/\/blogdoedvaldomagalhaes.com.br\/index.php\/wp-json\/wp\/v2\/media\/41021"}],"wp:attachment":[{"href":"https:\/\/blogdoedvaldomagalhaes.com.br\/index.php\/wp-json\/wp\/v2\/media?parent=41020"}],"wp:term":[{"taxonomy":"category","embeddable":true,"href":"https:\/\/blogdoedvaldomagalhaes.com.br\/index.php\/wp-json\/wp\/v2\/categories?post=41020"},{"taxonomy":"post_tag","embeddable":true,"href":"https:\/\/blogdoedvaldomagalhaes.com.br\/index.php\/wp-json\/wp\/v2\/tags?post=41020"}],"curies":[{"name":"wp","href":"https:\/\/api.w.org\/{rel}","templated":true}]}}