{"id":41,"date":"2019-02-05T16:00:00","date_gmt":"2019-02-05T18:00:00","guid":{"rendered":"http:\/\/blogdoedvaldomagalhaes.com.br\/index.php\/2019\/02\/05\/rede-municipal-de-ensino-volta-as-aulas\/"},"modified":"2019-02-09T02:51:50","modified_gmt":"2019-02-09T04:51:50","slug":"rede-municipal-de-ensino-volta-as-aulas","status":"publish","type":"post","link":"https:\/\/blogdoedvaldomagalhaes.com.br\/index.php\/2019\/02\/05\/rede-municipal-de-ensino-volta-as-aulas\/","title":{"rendered":"Rede Municipal de Ensino volta \u00e0s aulas nesta quarta-feira (06) em Caruaru"},"content":{"rendered":"<div class=\"separator\" style=\"clear: both; text-align: center;\">\n<a href=\"https:\/\/4.bp.blogspot.com\/-LV7lBdLPvGA\/XFmzF8r3dPI\/AAAAAAABCBY\/a09-6jH9FmUkQVyZC1eByj0CZFLBiegYACLcBGAs\/s1600\/aulas.jpg\" imageanchor=\"1\" style=\"margin-left: 1em; margin-right: 1em;\"><img loading=\"lazy\" decoding=\"async\" border=\"0\" data-original-height=\"960\" data-original-width=\"960\" height=\"640\" src=\"http:\/\/blogdoedvaldomagalhaes.com.br\/wp-content\/uploads\/2019\/02\/aulas.jpg\" width=\"640\" \/><\/a><\/div>\n<div class=\"MsoNormal\" style=\"background: white; margin-bottom: 10.0pt; mso-line-height-alt: 12.65pt; text-align: justify;\">\n<\/div>\n<div class=\"MsoNormal\" style=\"background: white; margin-bottom: 10.0pt; mso-line-height-alt: 12.65pt; text-align: justify;\">\nNesta quarta- feira (06), a Prefeitura de Caruaru inicia o ano letivo,<br \/>\n2019, da rede municipal de ensino. Ao todo cerca de 42 mil estudantes da cidade<br \/>\ne do campo retornar\u00e3o as salas de aula. J\u00e1 as aulas das Escolas em Tempo<br \/>\nIntegral ter\u00e3o in\u00edcio no pr\u00f3ximo dia 12.<\/div>\n<div class=\"MsoNormal\" style=\"background: white; margin-bottom: 10.0pt; mso-line-height-alt: 12.65pt; text-align: justify;\">\nPara cumprir o calend\u00e1rio escolar de 200 dias letivos, previstos<br \/>\nna&nbsp;Lei de Diretrizes e Bases (LDB), a previs\u00e3o de encerramento do ano<br \/>\nletivo \u00e9 do dia 20 de dezembro.<\/div>\n<div class=\"MsoNormal\" style=\"background: white; line-height: normal; margin-bottom: .0001pt; margin-bottom: 0cm; text-align: justify;\">\nOs pais ou respons\u00e1veis que ainda n\u00e3o<br \/>\nmatricularam os seus filhos devem procurar a Secretaria de Educa\u00e7\u00e3o para que os<br \/>\nestudantes sejam encaminhados para as escolas mais pr\u00f3ximas de suas<br \/>\nresid\u00eancias, onde tiver vaga dispon\u00edvel.<\/div>\n","protected":false},"excerpt":{"rendered":"<p>Nesta quarta- feira (06), a Prefeitura de Caruaru inicia o ano letivo, 2019, da rede municipal de ensino. Ao todo&hellip;<\/p>\n","protected":false},"author":1,"featured_media":0,"comment_status":"open","ping_status":"open","sticky":false,"template":"","format":"standard","meta":{"footnotes":""},"categories":[1],"tags":[2,6,48],"class_list":["post-41","post","type-post","status-publish","format-standard","hentry","category-sem-categoria","tag-blog-do-edvaldo-magalhaes","tag-noticias","tag-rede-municipal-de-ensino-volta-as-aulas-nesta-quarta-feira-06-em-caruaru"],"_links":{"self":[{"href":"https:\/\/blogdoedvaldomagalhaes.com.br\/index.php\/wp-json\/wp\/v2\/posts\/41","targetHints":{"allow":["GET"]}}],"collection":[{"href":"https:\/\/blogdoedvaldomagalhaes.com.br\/index.php\/wp-json\/wp\/v2\/posts"}],"about":[{"href":"https:\/\/blogdoedvaldomagalhaes.com.br\/index.php\/wp-json\/wp\/v2\/types\/post"}],"author":[{"embeddable":true,"href":"https:\/\/blogdoedvaldomagalhaes.com.br\/index.php\/wp-json\/wp\/v2\/users\/1"}],"replies":[{"embeddable":true,"href":"https:\/\/blogdoedvaldomagalhaes.com.br\/index.php\/wp-json\/wp\/v2\/comments?post=41"}],"version-history":[{"count":1,"href":"https:\/\/blogdoedvaldomagalhaes.com.br\/index.php\/wp-json\/wp\/v2\/posts\/41\/revisions"}],"predecessor-version":[{"id":37970,"href":"https:\/\/blogdoedvaldomagalhaes.com.br\/index.php\/wp-json\/wp\/v2\/posts\/41\/revisions\/37970"}],"wp:attachment":[{"href":"https:\/\/blogdoedvaldomagalhaes.com.br\/index.php\/wp-json\/wp\/v2\/media?parent=41"}],"wp:term":[{"taxonomy":"category","embeddable":true,"href":"https:\/\/blogdoedvaldomagalhaes.com.br\/index.php\/wp-json\/wp\/v2\/categories?post=41"},{"taxonomy":"post_tag","embeddable":true,"href":"https:\/\/blogdoedvaldomagalhaes.com.br\/index.php\/wp-json\/wp\/v2\/tags?post=41"}],"curies":[{"name":"wp","href":"https:\/\/api.w.org\/{rel}","templated":true}]}}