{"id":40996,"date":"2019-04-10T16:02:44","date_gmt":"2019-04-10T19:02:44","guid":{"rendered":"http:\/\/blogdoedvaldomagalhaes.com.br\/?p=40996"},"modified":"2019-04-10T17:02:31","modified_gmt":"2019-04-10T20:02:31","slug":"rodrigo-pinheiro-assume-prefeitura-de-caruaru-apos-viagem-de-raquel-lyra","status":"publish","type":"post","link":"https:\/\/blogdoedvaldomagalhaes.com.br\/index.php\/2019\/04\/10\/rodrigo-pinheiro-assume-prefeitura-de-caruaru-apos-viagem-de-raquel-lyra\/","title":{"rendered":"Rodrigo Pinheiro assume Prefeitura de Caruaru ap\u00f3s viagem de Raquel Lyra"},"content":{"rendered":"\n<p>A prefeita Raquel Lyra (PSDB), enviou of\u00edcio \u00e0 C\u00e2mara de Vereadores de Caruaru, nessa ter\u00e7a-feira (09), comunicando uma viagem aos Estados Unidos, passando o comando da Prefeitura de Caruaru, para o vice-prefeito Rodrigo Pinheiro (PSDB), nesta quarta-feira (10). Raquel viaja \u00e0 passeio com a fam\u00edlia , e retorna no pr\u00f3ximo dia 21, sendo a terceira viagem da Chefe do Executivo Municipal ao Exterior, durante a Gest\u00e3o. As duas primeiras viagens foram para participar da cursos. <\/p>\n\n\n\n<p>Informa\u00e7\u00f5es: Davi Cardoso\/Radialista. <\/p>\n","protected":false},"excerpt":{"rendered":"<p>A prefeita Raquel Lyra (PSDB), enviou of\u00edcio \u00e0 C\u00e2mara de Vereadores de Caruaru, nessa ter\u00e7a-feira (09), comunicando uma viagem aos&hellip;<\/p>\n","protected":false},"author":1,"featured_media":40997,"comment_status":"closed","ping_status":"open","sticky":false,"template":"","format":"standard","meta":{"footnotes":""},"categories":[14122],"tags":[2,14914],"class_list":["post-40996","post","type-post","status-publish","format-standard","has-post-thumbnail","hentry","category-politica","tag-blog-do-edvaldo-magalhaes","tag-rodrigo-pinheiro-assume-a-prefeitura-de-caruaru-apos-viagem-de-raquel-lyra"],"_links":{"self":[{"href":"https:\/\/blogdoedvaldomagalhaes.com.br\/index.php\/wp-json\/wp\/v2\/posts\/40996","targetHints":{"allow":["GET"]}}],"collection":[{"href":"https:\/\/blogdoedvaldomagalhaes.com.br\/index.php\/wp-json\/wp\/v2\/posts"}],"about":[{"href":"https:\/\/blogdoedvaldomagalhaes.com.br\/index.php\/wp-json\/wp\/v2\/types\/post"}],"author":[{"embeddable":true,"href":"https:\/\/blogdoedvaldomagalhaes.com.br\/index.php\/wp-json\/wp\/v2\/users\/1"}],"replies":[{"embeddable":true,"href":"https:\/\/blogdoedvaldomagalhaes.com.br\/index.php\/wp-json\/wp\/v2\/comments?post=40996"}],"version-history":[{"count":5,"href":"https:\/\/blogdoedvaldomagalhaes.com.br\/index.php\/wp-json\/wp\/v2\/posts\/40996\/revisions"}],"predecessor-version":[{"id":41002,"href":"https:\/\/blogdoedvaldomagalhaes.com.br\/index.php\/wp-json\/wp\/v2\/posts\/40996\/revisions\/41002"}],"wp:featuredmedia":[{"embeddable":true,"href":"https:\/\/blogdoedvaldomagalhaes.com.br\/index.php\/wp-json\/wp\/v2\/media\/40997"}],"wp:attachment":[{"href":"https:\/\/blogdoedvaldomagalhaes.com.br\/index.php\/wp-json\/wp\/v2\/media?parent=40996"}],"wp:term":[{"taxonomy":"category","embeddable":true,"href":"https:\/\/blogdoedvaldomagalhaes.com.br\/index.php\/wp-json\/wp\/v2\/categories?post=40996"},{"taxonomy":"post_tag","embeddable":true,"href":"https:\/\/blogdoedvaldomagalhaes.com.br\/index.php\/wp-json\/wp\/v2\/tags?post=40996"}],"curies":[{"name":"wp","href":"https:\/\/api.w.org\/{rel}","templated":true}]}}