{"id":4099,"date":"2017-11-09T15:16:00","date_gmt":"2017-11-09T17:16:00","guid":{"rendered":"http:\/\/blogdoedvaldomagalhaes.com.br\/index.php\/2017\/11\/09\/colegio-motivo-caruaru-apresenta-novo\/"},"modified":"2019-02-09T01:52:03","modified_gmt":"2019-02-09T03:52:03","slug":"colegio-motivo-caruaru-apresenta-novo","status":"publish","type":"post","link":"https:\/\/blogdoedvaldomagalhaes.com.br\/index.php\/2017\/11\/09\/colegio-motivo-caruaru-apresenta-novo\/","title":{"rendered":"Col\u00e9gio Motivo Caruaru apresenta novo modelo de ensino para 2018"},"content":{"rendered":"<div class=\"separator\" style=\"clear: both; text-align: center;\">\n<a href=\"https:\/\/1.bp.blogspot.com\/-Ish1N2oWbqc\/WgRxHDVrVHI\/AAAAAAAAjwA\/tYF55AjWMVEh-gPoSj9RCT4-EMQ3QUyyACLcBGAs\/s1600\/motivo.JPG\" imageanchor=\"1\" style=\"margin-left: 1em; margin-right: 1em;\"><img loading=\"lazy\" decoding=\"async\" border=\"0\" data-original-height=\"1067\" data-original-width=\"1600\" height=\"266\" src=\"http:\/\/blogdoedvaldomagalhaes.com.br\/wp-content\/uploads\/2017\/11\/motivo.jpg\" width=\"400\" \/><\/a><\/div>\n<div style=\"text-align: justify;\">\n<\/div>\n<div class=\"MsoNormal\" style=\"background-color: white; margin-left: 0cm; margin-right: 0cm; text-align: justify;\">\nApresenta\u00e7\u00e3o de uma pr\u00e1tica acad\u00eamica que possibilita ao estudante desenvolver compet\u00eancias necess\u00e1rias para aprender a SER, Conhecer, Fazer e Conviver em um mundo cada vez mais complexo \u00e9 o grande desafio da atualidade. \u201cPreparar n\u00e3o apenas para o aprendizado dos conte\u00fados curriculares, mas tamb\u00e9m para serem pessoas colaborativas com princ\u00edpios \u00e9ticos, democr\u00e1ticos, inclusivos, sustent\u00e1veis e solid\u00e1rios. Esses s\u00e3o os objetivos do Col\u00e9gio Motivo\u201d, afirma S\u00e9rgio Ribeiro, Diretor Geral do Grupo Motivo.<u><\/u><u><\/u><\/div>\n<div class=\"MsoNormal\" style=\"background-color: white; margin-left: 0cm; margin-right: 0cm; text-align: justify;\">\n<\/div>\n<div class=\"MsoNormal\" style=\"background-color: white; margin-left: 0cm; margin-right: 0cm; text-align: justify;\">\nJ\u00e1 antecipando o que a BNCC \u2013 Base Nacional Comum Curricular \u2013 traz como desafio para as escolas do pa\u00eds, o Motivo vem implementando nas suas unidades uma discuss\u00e3o que vai al\u00e9m do conhecimento t\u00e9cnico e apresenta para seus alunos compet\u00eancias socioemocionais do curr\u00edculo, necess\u00e1rias para o enfrentamento dos desafios do nosso s\u00e9culo.<u><\/u><u><\/u><\/div>\n<div class=\"MsoNormal\" style=\"background-color: white; margin-left: 0cm; margin-right: 0cm; text-align: justify;\">\n<\/div>\n<div class=\"MsoNormal\" style=\"background-color: white; margin-left: 0cm; margin-right: 0cm; text-align: justify;\">\nV\u00e1rios projetos que visam trabalhar a forma\u00e7\u00e3o integral e cidad\u00e3 dos alunos j\u00e1 s\u00e3o realidade no Motivo. Os alunos est\u00e3o se tornando, cada vez mais, construtores do seu processo de aprendizagem, participando ativamente na constru\u00e7\u00e3o dos seus saberes e na discuss\u00e3o da sociedade que os cerca. Como uma das iniciativas que visam estimular o protagonismo dos alunos, em 2018 ser\u00e1 fundado um gr\u00eamio estudantil, na unidade de Caruaru, que vai incentivar o pensamento cr\u00edtico e prepara os alunos para resolver problemas, distanciando-se da mera reprodu\u00e7\u00e3o sem reflex\u00e3o.<u><\/u><u><\/u><\/div>\n<div class=\"MsoNormal\" style=\"background-color: white; margin-left: 0cm; margin-right: 0cm; text-align: justify;\">\n<\/div>\n<div class=\"MsoNormal\" style=\"background-color: white; margin-left: 0cm; margin-right: 0cm; text-align: justify;\">\nEm 2018, o Motivo reafirma o seu compromisso com essa forma\u00e7\u00e3o integral em Caruaru, solidificando seu trabalho com altas expectativas tanto no campo cognitivo quanto no campo&nbsp;socioemocional. \u201c\u00c9 uma proposta diferenciada para sair da mesmice que as escolas est\u00e3o acostumadas. Queremos sair dessa dicotomia em que as escolas s\u00e3o respons\u00e1veis pela forma\u00e7\u00e3o t\u00e9cnica e a fam\u00edlia \u00e9 respons\u00e1vel pela forma\u00e7\u00e3o dos valores. Trabalhamos com os nossos estudantes projetos que valorizam a rela\u00e7\u00e3o socioeducacional\u201d, ressalta Silvia Sousa, Diretora da Unidade Caruaru.<u><\/u><u><\/u><\/div>\n<div class=\"MsoNormal\" style=\"background-color: white; margin-left: 0cm; margin-right: 0cm; text-align: justify;\">\n<\/div>\n<div class=\"separator\" style=\"clear: both; text-align: center;\">\n<a href=\"https:\/\/3.bp.blogspot.com\/-E4OLo13V6iA\/WgRxPPV4GfI\/AAAAAAAAjwE\/Z0V4Xhta28ET55i37tszTOj6sEF3YprfQCLcBGAs\/s1600\/1%2Bmotivo.JPG\" imageanchor=\"1\" style=\"margin-left: 1em; margin-right: 1em;\"><img loading=\"lazy\" decoding=\"async\" border=\"0\" data-original-height=\"1067\" data-original-width=\"1600\" height=\"266\" src=\"http:\/\/blogdoedvaldomagalhaes.com.br\/wp-content\/uploads\/2017\/11\/1motivo.jpg\" width=\"400\" \/><\/a><\/div>\n<p><u><\/u><\/p>\n<div class=\"MsoNormal\" style=\"background-color: white; margin-left: 0cm; margin-right: 0cm; text-align: justify;\">\n<\/div>\n<div class=\"MsoNormal\" style=\"background-color: white; margin-left: 0cm; margin-right: 0cm; text-align: justify;\">\n<b>Mudan\u00e7as na Unidade Caruaru<u><\/u><u><\/u><\/b><\/div>\n<div class=\"MsoNormal\" style=\"background-color: white; margin-left: 0cm; margin-right: 0cm; text-align: justify;\">\nO Motivo sempre foi e continua sendo uma escola de vanguarda, por isso est\u00e1 sempre antenado em agregar valores em sua Proposta Pedag\u00f3gica.&nbsp; Como sabe que o espa\u00e7o organizado e seguro favorece a constru\u00e7\u00e3o de saberes e a intera\u00e7\u00e3o, e que a partir da explora\u00e7\u00e3o e investiga\u00e7\u00e3o desse ambiente a crian\u00e7a pode expressar as suas diversas linguagens e campo do conhecimento, realizar\u00e1 interven\u00e7\u00f5es nos espa\u00e7os. Pensando nisso, o col\u00e9gio contratou o renomado escrit\u00f3rio do Arquiteto Humberto Zirpoli para ressignificar os espa\u00e7os j\u00e1 existentes, tudo projetado para os alunos, com o&nbsp; foco de estimular cada vez mais o seu processo de aprendizagem.<u><\/u><u><\/u><\/div>\n<div class=\"MsoNormal\" style=\"background-color: white; margin-left: 0cm; margin-right: 0cm; text-align: justify;\">\n<\/div>\n<div class=\"MsoNormal\" style=\"background-color: white; margin-left: 0cm; margin-right: 0cm; text-align: justify;\">\nA primeira mudan\u00e7a facilitar\u00e1 a circula\u00e7\u00e3o entre os blocos, valorizando o espa\u00e7o verde e as \u00e1reas de conviv\u00eancia. \u201cForam criados espa\u00e7os amplos e integrados. Usamos cores fortes e vibrantes e \u00e1reas definidas para cada etapa do estudante\u201d, conta o arquiteto Humberto Zirpoli. Segundo ele, um dos objetivos da reformula\u00e7\u00e3o&nbsp;(reorganiza\u00e7\u00e3o\/ ressignifica\u00e7\u00e3o) dos espa\u00e7os \u00e9 a integra\u00e7\u00e3o e o uso de mat\u00e9rias ecologicamente corretas. O col\u00e9gio passa a ter uma imagem nova com brinquedos interativos, jardins verticais e elementos arquitet\u00f4nicos. &nbsp;Uma potencialidade da unidade de Caruaru foi rediscutir o ambiente escolar e seus espa\u00e7os como elemento formador. A unidade foi pensada para o aluno, para sua forma\u00e7\u00e3o e aprendizado. \u201cProjetamos ambientes que estimulam e socializam. Ambientes mais favor\u00e1veis \u00e0 aprendizagem e \u00e0 constru\u00e7\u00e3o do indiv\u00edduo\u201d, acrescenta Zirpoli.<u><\/u><u><\/u><\/div>\n<div class=\"MsoNormal\" style=\"background-color: white; margin-left: 0cm; margin-right: 0cm; text-align: justify;\">\n<\/div>\n<div class=\"MsoNormal\" style=\"background-color: white; margin-left: 0cm; margin-right: 0cm; text-align: justify;\">\n<\/div>\n<div class=\"MsoNormal\" style=\"background-color: white; margin-left: 0cm; margin-right: 0cm; text-align: justify;\">\n<b>Sobre o Col\u00e9gio Motivo<u><\/u><u><\/u><\/b><\/div>\n<div class=\"MsoNormal\" style=\"background-color: white; margin-left: 0cm; margin-right: 0cm; text-align: justify;\">\nFundado em 2001, o Col\u00e9gio Motivo conta hoje com cerca de 4,2 mil alunos nas suas 4 unidades (Boa Viagem, Casa Forte, Caruaru e Petrolina) e atua da Educa\u00e7\u00e3o Infantil ao Pr\u00e9-Vestibular. Desde 2013, faz parte do portf\u00f3lio de escolas e cursos da Somos Educa\u00e7\u00e3o, maior empresa de educa\u00e7\u00e3o b\u00e1sica do pa\u00eds. Est\u00e1 em Caruaru h\u00e1 3 anos, desenvolvendo um&nbsp; trabalho forte e j\u00e1 consolidado, sendo destaque na regi\u00e3o.<u><\/u><u><\/u><\/div>\n<div class=\"MsoNormal\" style=\"background-color: white; margin-left: 0cm; margin-right: 0cm; text-align: justify;\">\n<\/div>\n<div class=\"MsoNormal\" style=\"background-color: white; margin-left: 0cm; margin-right: 0cm; text-align: justify;\">\nO Grupo Motivo \u00e9 refer\u00eancia de ensino de qualidade e reputa\u00e7\u00e3o, com expressivos resultados nos principais vestibulares do pa\u00eds. Em 2017, o col\u00e9gio foi destaque conquistando o 1\u00b0 lugar geral da UPE (Universidade de Pernambuco), tendo 3 dos 5 pernambucanos aprovados no ITA (Instituto Tecnol\u00f3gico de Aeron\u00e1utica) e 10 entre os 16 pernambucanos aprovados no IME (Instituto Militar de Engenharia).<\/div>\n","protected":false},"excerpt":{"rendered":"<p>Apresenta\u00e7\u00e3o de uma pr\u00e1tica acad\u00eamica que possibilita ao estudante desenvolver compet\u00eancias necess\u00e1rias para aprender a SER, Conhecer, Fazer e Conviver&hellip;<\/p>\n","protected":false},"author":1,"featured_media":0,"comment_status":"open","ping_status":"open","sticky":false,"template":"","format":"standard","meta":{"footnotes":""},"categories":[1],"tags":[2,5012,6],"class_list":["post-4099","post","type-post","status-publish","format-standard","hentry","category-sem-categoria","tag-blog-do-edvaldo-magalhaes","tag-colegio-motivo-caruaru-apresenta-novo-modelo-de-ensino-para-2018","tag-noticias"],"_links":{"self":[{"href":"https:\/\/blogdoedvaldomagalhaes.com.br\/index.php\/wp-json\/wp\/v2\/posts\/4099","targetHints":{"allow":["GET"]}}],"collection":[{"href":"https:\/\/blogdoedvaldomagalhaes.com.br\/index.php\/wp-json\/wp\/v2\/posts"}],"about":[{"href":"https:\/\/blogdoedvaldomagalhaes.com.br\/index.php\/wp-json\/wp\/v2\/types\/post"}],"author":[{"embeddable":true,"href":"https:\/\/blogdoedvaldomagalhaes.com.br\/index.php\/wp-json\/wp\/v2\/users\/1"}],"replies":[{"embeddable":true,"href":"https:\/\/blogdoedvaldomagalhaes.com.br\/index.php\/wp-json\/wp\/v2\/comments?post=4099"}],"version-history":[{"count":1,"href":"https:\/\/blogdoedvaldomagalhaes.com.br\/index.php\/wp-json\/wp\/v2\/posts\/4099\/revisions"}],"predecessor-version":[{"id":25990,"href":"https:\/\/blogdoedvaldomagalhaes.com.br\/index.php\/wp-json\/wp\/v2\/posts\/4099\/revisions\/25990"}],"wp:attachment":[{"href":"https:\/\/blogdoedvaldomagalhaes.com.br\/index.php\/wp-json\/wp\/v2\/media?parent=4099"}],"wp:term":[{"taxonomy":"category","embeddable":true,"href":"https:\/\/blogdoedvaldomagalhaes.com.br\/index.php\/wp-json\/wp\/v2\/categories?post=4099"},{"taxonomy":"post_tag","embeddable":true,"href":"https:\/\/blogdoedvaldomagalhaes.com.br\/index.php\/wp-json\/wp\/v2\/tags?post=4099"}],"curies":[{"name":"wp","href":"https:\/\/api.w.org\/{rel}","templated":true}]}}