{"id":40985,"date":"2019-04-10T13:15:21","date_gmt":"2019-04-10T16:15:21","guid":{"rendered":"http:\/\/blogdoedvaldomagalhaes.com.br\/?p=40985"},"modified":"2019-04-10T19:28:30","modified_gmt":"2019-04-10T22:28:30","slug":"prestadores-de-servicos-da-compesa-fazem-acordo-e-voltam-ao-trabalho-apos-protesto-em-caruaru","status":"publish","type":"post","link":"https:\/\/blogdoedvaldomagalhaes.com.br\/index.php\/2019\/04\/10\/prestadores-de-servicos-da-compesa-fazem-acordo-e-voltam-ao-trabalho-apos-protesto-em-caruaru\/","title":{"rendered":"Prestadores de servi\u00e7os da Compesa fazem acordo e voltam ao trabalho ap\u00f3s protesto em Caruaru"},"content":{"rendered":"\n<p>Dezenas de trabalhadores que prestam servi\u00e7os a Compesa realizaram um protesto nesta manh\u00e3 de quarta-feira (10), em Caruaru. Eles s\u00e3o da empresa Real Energy, que atrasou pagamento de sal\u00e1rios e horas extras.<\/p>\n\n\n\n\n\n<p>Os trabalhadores queimaram pneus na frente da Ger\u00eancia Regional da Compesa, no bairro Salgado, e depois se reuniram em assembleia, e decidiram fazer um acordo e aceitaram a proposta apresentada, encerrando a manifesta\u00e7\u00e3o.<\/p>\n\n\n\n<p>Os trabalhadores contaram com o apoio do Sindicato dos Trabalhadores da Constru\u00e7\u00e3o Civil (Sintracon), atrav\u00e9s do presidente, Jos\u00e9 Henrique, e diretores da entidade.<\/p>\n","protected":false},"excerpt":{"rendered":"<p>Dezenas de trabalhadores que prestam servi\u00e7os a Compesa realizaram um protesto nesta manh\u00e3 de quarta-feira (10), em Caruaru. Eles s\u00e3o&hellip;<\/p>\n","protected":false},"author":1,"featured_media":40986,"comment_status":"closed","ping_status":"open","sticky":false,"template":"","format":"standard","meta":{"footnotes":""},"categories":[14120],"tags":[2,14913],"class_list":["post-40985","post","type-post","status-publish","format-standard","has-post-thumbnail","hentry","category-noticias","tag-blog-do-edvaldo-magalhaes","tag-prestadores-de-servicos-da-compesa-fazem-acordo-e-voltam-ao-trabalho-apos-protesto-em-caruaru"],"_links":{"self":[{"href":"https:\/\/blogdoedvaldomagalhaes.com.br\/index.php\/wp-json\/wp\/v2\/posts\/40985","targetHints":{"allow":["GET"]}}],"collection":[{"href":"https:\/\/blogdoedvaldomagalhaes.com.br\/index.php\/wp-json\/wp\/v2\/posts"}],"about":[{"href":"https:\/\/blogdoedvaldomagalhaes.com.br\/index.php\/wp-json\/wp\/v2\/types\/post"}],"author":[{"embeddable":true,"href":"https:\/\/blogdoedvaldomagalhaes.com.br\/index.php\/wp-json\/wp\/v2\/users\/1"}],"replies":[{"embeddable":true,"href":"https:\/\/blogdoedvaldomagalhaes.com.br\/index.php\/wp-json\/wp\/v2\/comments?post=40985"}],"version-history":[{"count":2,"href":"https:\/\/blogdoedvaldomagalhaes.com.br\/index.php\/wp-json\/wp\/v2\/posts\/40985\/revisions"}],"predecessor-version":[{"id":40989,"href":"https:\/\/blogdoedvaldomagalhaes.com.br\/index.php\/wp-json\/wp\/v2\/posts\/40985\/revisions\/40989"}],"wp:featuredmedia":[{"embeddable":true,"href":"https:\/\/blogdoedvaldomagalhaes.com.br\/index.php\/wp-json\/wp\/v2\/media\/40986"}],"wp:attachment":[{"href":"https:\/\/blogdoedvaldomagalhaes.com.br\/index.php\/wp-json\/wp\/v2\/media?parent=40985"}],"wp:term":[{"taxonomy":"category","embeddable":true,"href":"https:\/\/blogdoedvaldomagalhaes.com.br\/index.php\/wp-json\/wp\/v2\/categories?post=40985"},{"taxonomy":"post_tag","embeddable":true,"href":"https:\/\/blogdoedvaldomagalhaes.com.br\/index.php\/wp-json\/wp\/v2\/tags?post=40985"}],"curies":[{"name":"wp","href":"https:\/\/api.w.org\/{rel}","templated":true}]}}