{"id":40982,"date":"2019-04-10T13:03:05","date_gmt":"2019-04-10T16:03:05","guid":{"rendered":"http:\/\/blogdoedvaldomagalhaes.com.br\/?p=40982"},"modified":"2019-04-10T13:03:07","modified_gmt":"2019-04-10T16:03:07","slug":"caruaru-por-paixao-recebe-exposicao-caminhos-por-amor-e-fe","status":"publish","type":"post","link":"https:\/\/blogdoedvaldomagalhaes.com.br\/index.php\/2019\/04\/10\/caruaru-por-paixao-recebe-exposicao-caminhos-por-amor-e-fe\/","title":{"rendered":"Caruaru por Paix\u00e3o recebe exposi\u00e7\u00e3o Caminhos por Amor e F\u00e9"},"content":{"rendered":"\n<p>Integrando a programa\u00e7\u00e3o da Semana Santa de Caruaru, ser\u00e1 realizada a exposi\u00e7\u00e3o Caminhos de Amor e F\u00e9, assinada pelo artista pl\u00e1stico e ceramista do Alto do Moura, Humberto Bot\u00e3o. A exposi\u00e7\u00e3o tem in\u00edcio no pr\u00f3ximo s\u00e1bado, 13, \u00e0s 19h, no Memorial da Cidade (antigo Mercado de Farinha), com um vernissage, e segue aberta ao p\u00fablico, gratuitamente, at\u00e9 o dia 20 do mesmo m\u00eas.<\/p>\n\n\n\n<p>Ao todo, ser\u00e3o\nexpostas 15 obras in\u00e9ditas, em cer\u00e2mica, narrando os 15 atos da Via Sacra numa\nrepresenta\u00e7\u00e3o conceitual. \u201cA proposta \u00e9 ressignificar a representa\u00e7\u00e3o, reportar\na imagina\u00e7\u00e3o do observador trazendo a Via Sacra para os dias atuais,\npermitindo-nos vivenci\u00e1-la como parte integrante dos dramas, dores, mistos de\nsensa\u00e7\u00f5es e conflitos. A arte permite que cada pessoa seja tamb\u00e9m canal de cria\u00e7\u00e3o\nda obra\u201d, aponta um trecho do texto de curadoria, tamb\u00e9m assinada pelo artista.<\/p>\n\n\n\n<p>Ele ainda explica\nque procura romper com a vis\u00e3o euroc\u00eantrica das representa\u00e7\u00f5es tradicionais,\nbuscando aproximar os caminhos percorridos pelo Cristo com nosso cotidiano.\n\u201cUma coisa que me inquieta bastante \u00e9 quando o discurso e a pr\u00e1tica n\u00e3o\ncorrespondem. Isso me chama muita aten\u00e7\u00e3o na hist\u00f3ria de Jesus Cristo, a sua\npr\u00e1tica espalhava amor, tanto quanto sua fala. Eu quero que as obras possam\nproporcionar a reflex\u00e3o sobre nossas a\u00e7\u00f5es, se elas est\u00e3o correspondendo com o\nnosso discurso\u201d, afirma.<\/p>\n\n\n\n<p>A exposi\u00e7\u00e3o \u00e9 fruto\nde projeto apresentado no edital de convoca\u00e7\u00e3o da Semana Santa, lan\u00e7ado pela\nPrefeitura de Caruaru, para sele\u00e7\u00e3o de propostas culturais que integram a\nprograma\u00e7\u00e3o oficial do per\u00edodo. O local escolhido para receber o projeto foi o\nMemorial da Cidade de Caruaru, cujo pr\u00e9dio data 1924 e funcionou como mercado\nde farinha at\u00e9 o ano de 1922, quando foi inaugurado como Memorial da Feira. Em\n2006, foi reinaugurado com o nome Memorial da Cidade de Caruaru. \u201cO Memorial \u00e9\numa esp\u00e9cie de protetor da hist\u00f3ria de Caruaru, um museu que re\u00fane a mem\u00f3ria da\ncidade. Entretanto, muitas pessoas n\u00e3o conhecem seu espa\u00e7o f\u00edsico, nem sua\nimport\u00e2ncia hist\u00f3rica. Escolhemos este local como forma de valorizar o\npatrim\u00f4nio hist\u00f3rico-cultural da cidade e tamb\u00e9m para colaborar com sua\nvisibilidade\u201d, explica Humberto Bot\u00e3o.<\/p>\n\n\n\n<p>A exposi\u00e7\u00e3o possui classifica\u00e7\u00e3o livre e as pe\u00e7as estar\u00e3o dispon\u00edveis para venda individualmente ou com valores especiais para a aquisi\u00e7\u00e3o do conjunto de obras. Voc\u00ea pode acessar a programa\u00e7\u00e3o completa atrav\u00e9s do link: <a rel=\"noreferrer noopener\" href=\"https:\/\/caruaru.pe.gov.br\/caruaru-por-paixao-2019-tera-shows-de-jorge-vercillo-e-ed-motta\/\" target=\"_blank\">https:\/\/caruaru.pe.gov.br\/caruaru-por-paixao-2019-tera-shows-de-jorge-vercillo-e-ed-motta\/<\/a><\/p>\n","protected":false},"excerpt":{"rendered":"<p>Integrando a programa\u00e7\u00e3o da Semana Santa de Caruaru, ser\u00e1 realizada a exposi\u00e7\u00e3o Caminhos de Amor e F\u00e9, assinada pelo artista&hellip;<\/p>\n","protected":false},"author":1,"featured_media":40983,"comment_status":"closed","ping_status":"open","sticky":false,"template":"","format":"standard","meta":{"footnotes":""},"categories":[14120],"tags":[2,14912],"class_list":["post-40982","post","type-post","status-publish","format-standard","has-post-thumbnail","hentry","category-noticias","tag-blog-do-edvaldo-magalhaes","tag-caruaru-por-paixao-recebe-exposicao-caminhos-por-amor-e-fe"],"_links":{"self":[{"href":"https:\/\/blogdoedvaldomagalhaes.com.br\/index.php\/wp-json\/wp\/v2\/posts\/40982","targetHints":{"allow":["GET"]}}],"collection":[{"href":"https:\/\/blogdoedvaldomagalhaes.com.br\/index.php\/wp-json\/wp\/v2\/posts"}],"about":[{"href":"https:\/\/blogdoedvaldomagalhaes.com.br\/index.php\/wp-json\/wp\/v2\/types\/post"}],"author":[{"embeddable":true,"href":"https:\/\/blogdoedvaldomagalhaes.com.br\/index.php\/wp-json\/wp\/v2\/users\/1"}],"replies":[{"embeddable":true,"href":"https:\/\/blogdoedvaldomagalhaes.com.br\/index.php\/wp-json\/wp\/v2\/comments?post=40982"}],"version-history":[{"count":1,"href":"https:\/\/blogdoedvaldomagalhaes.com.br\/index.php\/wp-json\/wp\/v2\/posts\/40982\/revisions"}],"predecessor-version":[{"id":40984,"href":"https:\/\/blogdoedvaldomagalhaes.com.br\/index.php\/wp-json\/wp\/v2\/posts\/40982\/revisions\/40984"}],"wp:featuredmedia":[{"embeddable":true,"href":"https:\/\/blogdoedvaldomagalhaes.com.br\/index.php\/wp-json\/wp\/v2\/media\/40983"}],"wp:attachment":[{"href":"https:\/\/blogdoedvaldomagalhaes.com.br\/index.php\/wp-json\/wp\/v2\/media?parent=40982"}],"wp:term":[{"taxonomy":"category","embeddable":true,"href":"https:\/\/blogdoedvaldomagalhaes.com.br\/index.php\/wp-json\/wp\/v2\/categories?post=40982"},{"taxonomy":"post_tag","embeddable":true,"href":"https:\/\/blogdoedvaldomagalhaes.com.br\/index.php\/wp-json\/wp\/v2\/tags?post=40982"}],"curies":[{"name":"wp","href":"https:\/\/api.w.org\/{rel}","templated":true}]}}