{"id":4098,"date":"2017-11-09T15:28:00","date_gmt":"2017-11-09T17:28:00","guid":{"rendered":"http:\/\/blogdoedvaldomagalhaes.com.br\/index.php\/2017\/11\/09\/prefeita-raquel-lyra-promete-pagar\/"},"modified":"2019-02-09T01:52:03","modified_gmt":"2019-02-09T03:52:03","slug":"prefeita-raquel-lyra-promete-pagar","status":"publish","type":"post","link":"https:\/\/blogdoedvaldomagalhaes.com.br\/index.php\/2017\/11\/09\/prefeita-raquel-lyra-promete-pagar\/","title":{"rendered":"Prefeita Raquel Lyra promete pagar valores atrasados a institui\u00e7\u00f5es de assist\u00eancia social"},"content":{"rendered":"<div class=\"separator\" style=\"clear: both; text-align: center;\">\n<a href=\"https:\/\/4.bp.blogspot.com\/-LFTz45nR964\/WgRzCLAQGnI\/AAAAAAAAjwQ\/jitT0CIi1EMg1XXj8vPSM5uE45Sh5dFaACLcBGAs\/s1600\/raquel.jpg\" imageanchor=\"1\" style=\"margin-left: 1em; margin-right: 1em;\"><img loading=\"lazy\" decoding=\"async\" border=\"0\" data-original-height=\"853\" data-original-width=\"1280\" height=\"266\" src=\"http:\/\/blogdoedvaldomagalhaes.com.br\/wp-content\/uploads\/2017\/11\/raquel.jpg\" width=\"400\" \/><\/a><\/div>\n<div class=\"separator\" style=\"clear: both; text-align: center;\">\n<\/div>\n<h1 class=\"entry-title\" style=\"background-color: white; border: 0px; clear: none; line-height: 1.2; margin: 0px 0px 0.2em; outline: 0px; padding: 0px; vertical-align: baseline;\">\n<div style=\"border: 0px; font-weight: normal; margin-bottom: 1.5em; outline: 0px; padding: 0px; text-align: justify; vertical-align: baseline;\">\nA prefeita de Caruaru, Raquel Lyra (PSDB), e o secret\u00e1rio municipal de Desenvolvimento Social, Fernando Silva, reuniram-se, nessa quarta-feira (08), com uma comiss\u00e3o formada por funcion\u00e1rios e m\u00e3es de crian\u00e7as atendidas pelas institui\u00e7\u00f5es GERPE, UNECAR e UNEPE,&nbsp;na Sala de Monitoramento da prefeitura, explicando \u00e0s entidades sobre os tr\u00e2mites que foram necess\u00e1rios para regulamentar a situa\u00e7\u00e3o das institui\u00e7\u00f5es, que est\u00e3o sem receber o repasse dos recursos federais.<\/p>\n<div class=\"separator\" style=\"clear: both; text-align: center;\">\n<a href=\"https:\/\/1.bp.blogspot.com\/-VRNO4LyEgx4\/WgR0uklKHdI\/AAAAAAAAjwg\/NcO8Jck7GysV-6tOBF2UxQckmcBPhEI2QCLcBGAs\/s1600\/prefeita.jpg\" imageanchor=\"1\" style=\"margin-left: 1em; margin-right: 1em;\"><img loading=\"lazy\" decoding=\"async\" border=\"0\" data-original-height=\"440\" data-original-width=\"660\" height=\"266\" src=\"http:\/\/blogdoedvaldomagalhaes.com.br\/wp-content\/uploads\/2017\/11\/prefeita.jpg\" width=\"400\" \/><\/a><\/div>\n<\/div>\n<div style=\"border: 0px; font-weight: normal; margin-bottom: 1.5em; outline: 0px; padding: 0px; text-align: justify; vertical-align: baseline;\">\nA prefeita afirmou que&nbsp; 22 institui\u00e7\u00f5es de assist\u00eancia social que prestam servi\u00e7o em Caruaru estavam sem a devida regulamenta\u00e7\u00e3o no Cadastro Nacional de Entidades de Assist\u00eancia Social, no per\u00edodo de janeiro \u00e0 maio deste ano. Agora, com a publica\u00e7\u00e3o no Di\u00e1rio Oficial, \u00e9 poss\u00edvel dar andamento aos tramites burocr\u00e1ticos para o pagamento do per\u00edodo de outubro de 2017 \u00e0 mar\u00e7o 2018. Em rela\u00e7\u00e3o ao per\u00edodo de maio \u00e0 setembro de 2017 as entidades precisam entregar o plano de a\u00e7\u00e3o, relat\u00f3rio e presta\u00e7\u00e3o de contas para que a prefeitura possa liberar o recurso, desde que as institui\u00e7\u00f5es apresentem a documenta\u00e7\u00e3o exigida nesse processo.<\/div>\n<\/h1>\n","protected":false},"excerpt":{"rendered":"<p>A prefeita de Caruaru, Raquel Lyra (PSDB), e o secret\u00e1rio municipal de Desenvolvimento Social, Fernando Silva, reuniram-se, nessa quarta-feira (08),&hellip;<\/p>\n","protected":false},"author":1,"featured_media":0,"comment_status":"open","ping_status":"open","sticky":false,"template":"","format":"standard","meta":{"footnotes":""},"categories":[1],"tags":[2,5008,3114,20,5009,5010,5011],"class_list":["post-4098","post","type-post","status-publish","format-standard","hentry","category-sem-categoria","tag-blog-do-edvaldo-magalhaes","tag-gerpe","tag-noticias-da-politica-de-caruaru","tag-politica","tag-prefeita-raquel-lyra-promete-pagar-valores-atrasados-a-instituicoes-de-assistencia-social","tag-unecar","tag-unepe"],"_links":{"self":[{"href":"https:\/\/blogdoedvaldomagalhaes.com.br\/index.php\/wp-json\/wp\/v2\/posts\/4098","targetHints":{"allow":["GET"]}}],"collection":[{"href":"https:\/\/blogdoedvaldomagalhaes.com.br\/index.php\/wp-json\/wp\/v2\/posts"}],"about":[{"href":"https:\/\/blogdoedvaldomagalhaes.com.br\/index.php\/wp-json\/wp\/v2\/types\/post"}],"author":[{"embeddable":true,"href":"https:\/\/blogdoedvaldomagalhaes.com.br\/index.php\/wp-json\/wp\/v2\/users\/1"}],"replies":[{"embeddable":true,"href":"https:\/\/blogdoedvaldomagalhaes.com.br\/index.php\/wp-json\/wp\/v2\/comments?post=4098"}],"version-history":[{"count":1,"href":"https:\/\/blogdoedvaldomagalhaes.com.br\/index.php\/wp-json\/wp\/v2\/posts\/4098\/revisions"}],"predecessor-version":[{"id":25993,"href":"https:\/\/blogdoedvaldomagalhaes.com.br\/index.php\/wp-json\/wp\/v2\/posts\/4098\/revisions\/25993"}],"wp:attachment":[{"href":"https:\/\/blogdoedvaldomagalhaes.com.br\/index.php\/wp-json\/wp\/v2\/media?parent=4098"}],"wp:term":[{"taxonomy":"category","embeddable":true,"href":"https:\/\/blogdoedvaldomagalhaes.com.br\/index.php\/wp-json\/wp\/v2\/categories?post=4098"},{"taxonomy":"post_tag","embeddable":true,"href":"https:\/\/blogdoedvaldomagalhaes.com.br\/index.php\/wp-json\/wp\/v2\/tags?post=4098"}],"curies":[{"name":"wp","href":"https:\/\/api.w.org\/{rel}","templated":true}]}}