{"id":40974,"date":"2019-04-10T10:20:04","date_gmt":"2019-04-10T13:20:04","guid":{"rendered":"http:\/\/blogdoedvaldomagalhaes.com.br\/?p=40974"},"modified":"2019-04-10T14:42:34","modified_gmt":"2019-04-10T17:42:34","slug":"homem-assassinado-a-tiros-dentro-de-marmoraria-em-caruaru","status":"publish","type":"post","link":"https:\/\/blogdoedvaldomagalhaes.com.br\/index.php\/2019\/04\/10\/homem-assassinado-a-tiros-dentro-de-marmoraria-em-caruaru\/","title":{"rendered":"Homem assassinado a tiros dentro de marmoraria em Caruaru"},"content":{"rendered":"\n<p>O homic\u00eddio aconteceu na manh\u00e3 desta quarta-feira (10), em Lagoa do Algod\u00e3o, na PE-95, pr\u00f3ximo do Cemit\u00e9rio Parque dos Arcos, em Caruaru . A v\u00edtima foi identificada como F\u00e1bio Ferreira da Silva, de 42 anos. <\/p>\n\n\n\n<p>Segundo informa\u00e7\u00f5es da pol\u00edcia,  a v\u00edtima j\u00e1 trabalhou na marmoraria, chegou pela manh\u00e3 e pediu R$ 70,00 emprestado, quando chegou o assassino em uma motocicleta, estacionou ao lado, entrou no estabelecimento com capacete,  perguntou se a v\u00edtima lembrava dele, a v\u00edtima teria dito &#8220;vamos acertar agora &#8220;, sendo alvejada por disparos de arma de fogo.<\/p>\n\n\n\n<figure class=\"wp-block-image\"><img loading=\"lazy\" decoding=\"async\" width=\"1024\" height=\"768\" src=\"http:\/\/blogdoedvaldomagalhaes.com.br\/wp-content\/uploads\/2019\/04\/IMG-20190410-WA0127-1024x768.jpg\" alt=\"\" class=\"wp-image-40978\" srcset=\"https:\/\/blogdoedvaldomagalhaes.com.br\/wp-content\/uploads\/2019\/04\/IMG-20190410-WA0127-1024x768.jpg 1024w, https:\/\/blogdoedvaldomagalhaes.com.br\/wp-content\/uploads\/2019\/04\/IMG-20190410-WA0127-300x225.jpg 300w, https:\/\/blogdoedvaldomagalhaes.com.br\/wp-content\/uploads\/2019\/04\/IMG-20190410-WA0127-768x576.jpg 768w, https:\/\/blogdoedvaldomagalhaes.com.br\/wp-content\/uploads\/2019\/04\/IMG-20190410-WA0127-160x120.jpg 160w, https:\/\/blogdoedvaldomagalhaes.com.br\/wp-content\/uploads\/2019\/04\/IMG-20190410-WA0127.jpg 1280w\" sizes=\"auto, (max-width: 1024px) 100vw, 1024px\" \/><\/figure>\n\n\n\n<p>Policiais militares se encontram no local. Ap\u00f3s per\u00edcia feita pela equipe do IC, o corpo ser\u00e1 encaminhado para o Instituto de Medicina Legal (IML).<\/p>\n\n\n\n<p>Este \u00e9 o 6\u00ba homic\u00eddio do m\u00eas de abril em Caruaru. No ano s\u00e3o 52 assassinatos no munic\u00edpio.<\/p>\n\n\n\n<p>Informa\u00e7\u00f5es: Helenivaldo Pereira\/R\u00e1dio Liberdade.<\/p>\n\n\n\n<p>Foto: Renan da Funer\u00e1ria\/Cortesia. <\/p>\n","protected":false},"excerpt":{"rendered":"<p>O homic\u00eddio aconteceu na manh\u00e3 desta quarta-feira (10), em Lagoa do Algod\u00e3o, na PE-95, pr\u00f3ximo do Cemit\u00e9rio Parque dos Arcos,&hellip;<\/p>\n","protected":false},"author":1,"featured_media":40975,"comment_status":"closed","ping_status":"open","sticky":false,"template":"","format":"standard","meta":{"footnotes":""},"categories":[14121],"tags":[2,14911],"class_list":["post-40974","post","type-post","status-publish","format-standard","has-post-thumbnail","hentry","category-policial","tag-blog-do-edvaldo-magalhaes","tag-homem-assassinado-a-tiros-dentro-de-marmoraria-em-caruaru"],"_links":{"self":[{"href":"https:\/\/blogdoedvaldomagalhaes.com.br\/index.php\/wp-json\/wp\/v2\/posts\/40974","targetHints":{"allow":["GET"]}}],"collection":[{"href":"https:\/\/blogdoedvaldomagalhaes.com.br\/index.php\/wp-json\/wp\/v2\/posts"}],"about":[{"href":"https:\/\/blogdoedvaldomagalhaes.com.br\/index.php\/wp-json\/wp\/v2\/types\/post"}],"author":[{"embeddable":true,"href":"https:\/\/blogdoedvaldomagalhaes.com.br\/index.php\/wp-json\/wp\/v2\/users\/1"}],"replies":[{"embeddable":true,"href":"https:\/\/blogdoedvaldomagalhaes.com.br\/index.php\/wp-json\/wp\/v2\/comments?post=40974"}],"version-history":[{"count":6,"href":"https:\/\/blogdoedvaldomagalhaes.com.br\/index.php\/wp-json\/wp\/v2\/posts\/40974\/revisions"}],"predecessor-version":[{"id":40995,"href":"https:\/\/blogdoedvaldomagalhaes.com.br\/index.php\/wp-json\/wp\/v2\/posts\/40974\/revisions\/40995"}],"wp:featuredmedia":[{"embeddable":true,"href":"https:\/\/blogdoedvaldomagalhaes.com.br\/index.php\/wp-json\/wp\/v2\/media\/40975"}],"wp:attachment":[{"href":"https:\/\/blogdoedvaldomagalhaes.com.br\/index.php\/wp-json\/wp\/v2\/media?parent=40974"}],"wp:term":[{"taxonomy":"category","embeddable":true,"href":"https:\/\/blogdoedvaldomagalhaes.com.br\/index.php\/wp-json\/wp\/v2\/categories?post=40974"},{"taxonomy":"post_tag","embeddable":true,"href":"https:\/\/blogdoedvaldomagalhaes.com.br\/index.php\/wp-json\/wp\/v2\/tags?post=40974"}],"curies":[{"name":"wp","href":"https:\/\/api.w.org\/{rel}","templated":true}]}}