{"id":40971,"date":"2019-04-10T07:59:02","date_gmt":"2019-04-10T10:59:02","guid":{"rendered":"http:\/\/blogdoedvaldomagalhaes.com.br\/?p=40971"},"modified":"2019-04-10T13:27:54","modified_gmt":"2019-04-10T16:27:54","slug":"policia-civil-deflagra-operacao-no-agreste-de-pernambuco","status":"publish","type":"post","link":"https:\/\/blogdoedvaldomagalhaes.com.br\/index.php\/2019\/04\/10\/policia-civil-deflagra-operacao-no-agreste-de-pernambuco\/","title":{"rendered":"Pol\u00edcia Civil deflagra opera\u00e7\u00e3o no Agreste de Pernambuco"},"content":{"rendered":"\n<p>A Pol\u00edcia Civil deflagrou na manh\u00e3 desta quarta-feira (10), em S\u00e3o Joaquim do Monte, a 47 km de Caruaru, Agreste pernambucano, uma opera\u00e7\u00e3o com o objetivo de prender integrantes de uma quadrilha. As investiga\u00e7\u00f5es foram iniciadas em novembro de 2018.<\/p>\n\n\n\n<p>Foram cumpridos 5 mandados de pris\u00e3o e 8 mandados de busca e apreens\u00e3o domiciliar. V\u00e1rias pessoas foram detidas por envolvimento em v\u00e1rios delitos, inclusive tr\u00e1fico de drogas, posse e porte de arma de fogo. Os integrantes da quadrilha estavam cometendo v\u00e1rios crimes para assumir a lideran\u00e7a do tr\u00e1fico de drogas.<\/p>\n\n\n\n<figure class=\"wp-block-image\"><img loading=\"lazy\" decoding=\"async\" width=\"1024\" height=\"768\" src=\"http:\/\/blogdoedvaldomagalhaes.com.br\/wp-content\/uploads\/2019\/04\/pc-1-1024x768.jpg\" alt=\"\" class=\"wp-image-40993\" srcset=\"https:\/\/blogdoedvaldomagalhaes.com.br\/wp-content\/uploads\/2019\/04\/pc-1.jpg 1024w, https:\/\/blogdoedvaldomagalhaes.com.br\/wp-content\/uploads\/2019\/04\/pc-1-300x225.jpg 300w, https:\/\/blogdoedvaldomagalhaes.com.br\/wp-content\/uploads\/2019\/04\/pc-1-768x576.jpg 768w, https:\/\/blogdoedvaldomagalhaes.com.br\/wp-content\/uploads\/2019\/04\/pc-1-160x120.jpg 160w\" sizes=\"auto, (max-width: 1024px) 100vw, 1024px\" \/><figcaption>Na coletiva de imprensa<\/figcaption><\/figure>\n\n\n\n<p>\n\nForam presos Erivonaldo Ferreira de Lima, Alisson Pedro Cabral, Pedro Henrique Lima da Silva, Hemerson Jo\u00e3o da Silva e Jos\u00e9 Adriano da Silva. Os suspeitos eram envolvidos em v\u00e1rios crimes, como tr\u00e1fico de drogas, homic\u00eddios, posse e porte de arma de fogo. Os detalhes da opera\u00e7\u00e3o foram apresentados na Dinter 1, em Caruaru.\n\n<\/p>\n","protected":false},"excerpt":{"rendered":"<p>A Pol\u00edcia Civil deflagrou na manh\u00e3 desta quarta-feira (10), em S\u00e3o Joaquim do Monte, a 47 km de Caruaru, Agreste&hellip;<\/p>\n","protected":false},"author":1,"featured_media":40972,"comment_status":"closed","ping_status":"open","sticky":false,"template":"","format":"standard","meta":{"footnotes":""},"categories":[14121],"tags":[2,14910],"class_list":["post-40971","post","type-post","status-publish","format-standard","has-post-thumbnail","hentry","category-policial","tag-blog-do-edvaldo-magalhaes","tag-policia-civil-deflagra-operacao-no-agreste-de-pernambuco"],"_links":{"self":[{"href":"https:\/\/blogdoedvaldomagalhaes.com.br\/index.php\/wp-json\/wp\/v2\/posts\/40971","targetHints":{"allow":["GET"]}}],"collection":[{"href":"https:\/\/blogdoedvaldomagalhaes.com.br\/index.php\/wp-json\/wp\/v2\/posts"}],"about":[{"href":"https:\/\/blogdoedvaldomagalhaes.com.br\/index.php\/wp-json\/wp\/v2\/types\/post"}],"author":[{"embeddable":true,"href":"https:\/\/blogdoedvaldomagalhaes.com.br\/index.php\/wp-json\/wp\/v2\/users\/1"}],"replies":[{"embeddable":true,"href":"https:\/\/blogdoedvaldomagalhaes.com.br\/index.php\/wp-json\/wp\/v2\/comments?post=40971"}],"version-history":[{"count":2,"href":"https:\/\/blogdoedvaldomagalhaes.com.br\/index.php\/wp-json\/wp\/v2\/posts\/40971\/revisions"}],"predecessor-version":[{"id":40994,"href":"https:\/\/blogdoedvaldomagalhaes.com.br\/index.php\/wp-json\/wp\/v2\/posts\/40971\/revisions\/40994"}],"wp:featuredmedia":[{"embeddable":true,"href":"https:\/\/blogdoedvaldomagalhaes.com.br\/index.php\/wp-json\/wp\/v2\/media\/40972"}],"wp:attachment":[{"href":"https:\/\/blogdoedvaldomagalhaes.com.br\/index.php\/wp-json\/wp\/v2\/media?parent=40971"}],"wp:term":[{"taxonomy":"category","embeddable":true,"href":"https:\/\/blogdoedvaldomagalhaes.com.br\/index.php\/wp-json\/wp\/v2\/categories?post=40971"},{"taxonomy":"post_tag","embeddable":true,"href":"https:\/\/blogdoedvaldomagalhaes.com.br\/index.php\/wp-json\/wp\/v2\/tags?post=40971"}],"curies":[{"name":"wp","href":"https:\/\/api.w.org\/{rel}","templated":true}]}}