{"id":4097,"date":"2017-11-09T15:39:00","date_gmt":"2017-11-09T17:39:00","guid":{"rendered":"http:\/\/blogdoedvaldomagalhaes.com.br\/index.php\/2017\/11\/09\/testes-rapidos-vacinacao-prevencao-e\/"},"modified":"2019-02-09T01:52:05","modified_gmt":"2019-02-09T03:52:05","slug":"testes-rapidos-vacinacao-prevencao-e","status":"publish","type":"post","link":"https:\/\/blogdoedvaldomagalhaes.com.br\/index.php\/2017\/11\/09\/testes-rapidos-vacinacao-prevencao-e\/","title":{"rendered":"Testes r\u00e1pidos, vacina\u00e7\u00e3o, preven\u00e7\u00e3o e tratamento de doen\u00e7as gratuitamente para homens neste m\u00eas"},"content":{"rendered":"<div class=\"separator\" style=\"clear: both; text-align: center;\">\n<a href=\"https:\/\/4.bp.blogspot.com\/-ku-R7AWJHM4\/WgR1dcMG3WI\/AAAAAAAAjwo\/S6jJb4V7aL03Ji3jDopyCeEp8S8hHq2fQCLcBGAs\/s1600\/azul.png\" imageanchor=\"1\" style=\"margin-left: 1em; margin-right: 1em;\"><img loading=\"lazy\" decoding=\"async\" border=\"0\" data-original-height=\"380\" data-original-width=\"610\" height=\"248\" src=\"http:\/\/blogdoedvaldomagalhaes.com.br\/wp-content\/uploads\/2017\/11\/azul.png\" width=\"400\" \/><\/a><\/div>\n<div class=\"separator\" style=\"clear: both; text-align: center;\">\n<\/div>\n<div style=\"background-color: white; border: 0px; margin-bottom: 1.5em; outline: 0px; padding: 0px; text-align: justify; vertical-align: baseline;\">\nA Secretaria de Sa\u00fade do Munic\u00edpio realiza, este m\u00eas, uma s\u00e9rie de a\u00e7\u00f5es voltadas para a sa\u00fade do homem. Intitulado de Novembro Azul, o m\u00eas \u00e9 voltado para uma campanha de conscientiza\u00e7\u00e3o realizada por diversas entidades dirigida \u00e0 sociedade e, em especial, aos homens, para conscientiza\u00e7\u00e3o a respeito do autocuidado.<\/div>\n<div style=\"background-color: white; border: 0px; margin-bottom: 1.5em; outline: 0px; padding: 0px; text-align: justify; vertical-align: baseline;\">\nEm Caruaru, nas Unidades B\u00e1sicas de Sa\u00fade, v\u00e3o ser disponibilizados testes r\u00e1pidos de HIV, S\u00edfilis e Hepatite; vacina\u00e7\u00e3o; distribui\u00e7\u00e3o de preservativo; preven\u00e7\u00e3o e tratamento de doen\u00e7as sexualmente transmiss\u00edveis; planejamento familiar, sexual e reprodutivo;&nbsp;&nbsp;acompanhamento do cuidado de diabetes e hipertens\u00e3o; cuidado da sa\u00fade bucal; grupos de atividades f\u00edsicas; orienta\u00e7\u00e3o alimentar e nutricional; acupuntura; exames complementares e atendimento de profissionais de sa\u00fade (m\u00e9dico, enfermeiro, dentista, nutricionista, fisioterapeuta, psic\u00f3logo, assistente social, entre outros.<\/div>\n<div style=\"background-color: white; border: 0px; outline: 0px; padding: 0px; text-align: justify; vertical-align: baseline;\">\n\u201cAs a\u00e7\u00f5es do Novembro Azul ser\u00e3o muito al\u00e9m da quest\u00e3o da preven\u00e7\u00e3o e diagn\u00f3stico do c\u00e2ncer de pr\u00f3stata, queremos despertar no p\u00fablico masculino o interesse em se cuidar de forma geral, por isso nossas a\u00e7\u00f5es visam a sa\u00fade integral do homem\u201d, explicou o Apoiador Institucional da Aten\u00e7\u00e3o B\u00e1sica da Secretaria de Sa\u00fade, F\u00e1bio Eduardo.<\/div>\n","protected":false},"excerpt":{"rendered":"<p>A Secretaria de Sa\u00fade do Munic\u00edpio realiza, este m\u00eas, uma s\u00e9rie de a\u00e7\u00f5es voltadas para a sa\u00fade do homem. Intitulado&hellip;<\/p>\n","protected":false},"author":1,"featured_media":0,"comment_status":"open","ping_status":"open","sticky":false,"template":"","format":"standard","meta":{"footnotes":""},"categories":[1],"tags":[2,6,5005,5006,5007],"class_list":["post-4097","post","type-post","status-publish","format-standard","hentry","category-sem-categoria","tag-blog-do-edvaldo-magalhaes","tag-noticias","tag-prevencao-e-tratamento-de-doencas-gratuitamente-para-homens-neste-mes","tag-testes-rapidos","tag-vacinacao"],"_links":{"self":[{"href":"https:\/\/blogdoedvaldomagalhaes.com.br\/index.php\/wp-json\/wp\/v2\/posts\/4097","targetHints":{"allow":["GET"]}}],"collection":[{"href":"https:\/\/blogdoedvaldomagalhaes.com.br\/index.php\/wp-json\/wp\/v2\/posts"}],"about":[{"href":"https:\/\/blogdoedvaldomagalhaes.com.br\/index.php\/wp-json\/wp\/v2\/types\/post"}],"author":[{"embeddable":true,"href":"https:\/\/blogdoedvaldomagalhaes.com.br\/index.php\/wp-json\/wp\/v2\/users\/1"}],"replies":[{"embeddable":true,"href":"https:\/\/blogdoedvaldomagalhaes.com.br\/index.php\/wp-json\/wp\/v2\/comments?post=4097"}],"version-history":[{"count":1,"href":"https:\/\/blogdoedvaldomagalhaes.com.br\/index.php\/wp-json\/wp\/v2\/posts\/4097\/revisions"}],"predecessor-version":[{"id":25995,"href":"https:\/\/blogdoedvaldomagalhaes.com.br\/index.php\/wp-json\/wp\/v2\/posts\/4097\/revisions\/25995"}],"wp:attachment":[{"href":"https:\/\/blogdoedvaldomagalhaes.com.br\/index.php\/wp-json\/wp\/v2\/media?parent=4097"}],"wp:term":[{"taxonomy":"category","embeddable":true,"href":"https:\/\/blogdoedvaldomagalhaes.com.br\/index.php\/wp-json\/wp\/v2\/categories?post=4097"},{"taxonomy":"post_tag","embeddable":true,"href":"https:\/\/blogdoedvaldomagalhaes.com.br\/index.php\/wp-json\/wp\/v2\/tags?post=4097"}],"curies":[{"name":"wp","href":"https:\/\/api.w.org\/{rel}","templated":true}]}}