{"id":40967,"date":"2019-04-09T22:26:05","date_gmt":"2019-04-10T01:26:05","guid":{"rendered":"http:\/\/blogdoedvaldomagalhaes.com.br\/?p=40967"},"modified":"2019-04-10T07:57:19","modified_gmt":"2019-04-10T10:57:19","slug":"vitima-de-tentativa-de-homicidio-em-caruaru-e-e-socorrida-para-o-hra","status":"publish","type":"post","link":"https:\/\/blogdoedvaldomagalhaes.com.br\/index.php\/2019\/04\/09\/vitima-de-tentativa-de-homicidio-em-caruaru-e-e-socorrida-para-o-hra\/","title":{"rendered":"V\u00edtima de tentativa de homic\u00eddio em Caruaru e \u00e9 socorrida para o HRA"},"content":{"rendered":"\n<p>Uma tentativa de homic\u00eddio aconteceu na noite desta ter\u00e7a-feira (09), no bairro Santa Rosa, em Caruaru, Agreste pernambucano. Um jovem foi baleado na comunidade Bonanza e socorrido para o Hospital Regional do Agreste (HRA), onde se encontra no bloco cir\u00fargico. Ainda n\u00e3o h\u00e1 informa\u00e7\u00f5es sobre o estado de sa\u00fade dele.<\/p>\n\n\n\n<figure class=\"wp-block-image\"><img loading=\"lazy\" decoding=\"async\" width=\"240\" height=\"320\" src=\"http:\/\/blogdoedvaldomagalhaes.com.br\/wp-content\/uploads\/2019\/04\/IMG-20190409-WA0128.jpg\" alt=\"\" class=\"wp-image-40969\" srcset=\"https:\/\/blogdoedvaldomagalhaes.com.br\/wp-content\/uploads\/2019\/04\/IMG-20190409-WA0128.jpg 240w, https:\/\/blogdoedvaldomagalhaes.com.br\/wp-content\/uploads\/2019\/04\/IMG-20190409-WA0128-225x300.jpg 225w\" sizes=\"auto, (max-width: 240px) 100vw, 240px\" \/><figcaption>Foto da v\u00edtima: Reprodu\u00e7\u00e3o\/WhatsApp<\/figcaption><\/figure>\n\n\n\n<p>De acordo com informa\u00e7\u00f5es de populares, Ariel Bezerra da Silva, 19 anos, estava pr\u00f3ximo da casa onde reside e um homem chegou buscando informa\u00e7\u00f5es e em seguida efetuou os disparos contra a v\u00edtima.<\/p>\n\n\n\n<p>Ainda n\u00e3o h\u00e1 informa\u00e7\u00f5es sobre autoria nem motiva\u00e7\u00e3o do crime, que est\u00e1 sendo investigado pela Pol\u00edcia Civil.<\/p>\n\n\n\n<p>Informa\u00e7\u00f5es: Helenivaldo Pereira<\/p>\n\n\n\n<p>Foto: Renan da Funer\u00e1ria.<\/p>\n","protected":false},"excerpt":{"rendered":"<p>Uma tentativa de homic\u00eddio aconteceu na noite desta ter\u00e7a-feira (09), no bairro Santa Rosa, em Caruaru, Agreste pernambucano. Um jovem&hellip;<\/p>\n","protected":false},"author":1,"featured_media":40968,"comment_status":"closed","ping_status":"open","sticky":false,"template":"","format":"standard","meta":{"footnotes":""},"categories":[14121],"tags":[2,14909],"class_list":["post-40967","post","type-post","status-publish","format-standard","has-post-thumbnail","hentry","category-policial","tag-blog-do-edvaldo-magalhaes","tag-vitima-de-tentativa-de-homicidio-em-caruaru-e-e-socorrida-para-o-hra"],"_links":{"self":[{"href":"https:\/\/blogdoedvaldomagalhaes.com.br\/index.php\/wp-json\/wp\/v2\/posts\/40967","targetHints":{"allow":["GET"]}}],"collection":[{"href":"https:\/\/blogdoedvaldomagalhaes.com.br\/index.php\/wp-json\/wp\/v2\/posts"}],"about":[{"href":"https:\/\/blogdoedvaldomagalhaes.com.br\/index.php\/wp-json\/wp\/v2\/types\/post"}],"author":[{"embeddable":true,"href":"https:\/\/blogdoedvaldomagalhaes.com.br\/index.php\/wp-json\/wp\/v2\/users\/1"}],"replies":[{"embeddable":true,"href":"https:\/\/blogdoedvaldomagalhaes.com.br\/index.php\/wp-json\/wp\/v2\/comments?post=40967"}],"version-history":[{"count":1,"href":"https:\/\/blogdoedvaldomagalhaes.com.br\/index.php\/wp-json\/wp\/v2\/posts\/40967\/revisions"}],"predecessor-version":[{"id":40970,"href":"https:\/\/blogdoedvaldomagalhaes.com.br\/index.php\/wp-json\/wp\/v2\/posts\/40967\/revisions\/40970"}],"wp:featuredmedia":[{"embeddable":true,"href":"https:\/\/blogdoedvaldomagalhaes.com.br\/index.php\/wp-json\/wp\/v2\/media\/40968"}],"wp:attachment":[{"href":"https:\/\/blogdoedvaldomagalhaes.com.br\/index.php\/wp-json\/wp\/v2\/media?parent=40967"}],"wp:term":[{"taxonomy":"category","embeddable":true,"href":"https:\/\/blogdoedvaldomagalhaes.com.br\/index.php\/wp-json\/wp\/v2\/categories?post=40967"},{"taxonomy":"post_tag","embeddable":true,"href":"https:\/\/blogdoedvaldomagalhaes.com.br\/index.php\/wp-json\/wp\/v2\/tags?post=40967"}],"curies":[{"name":"wp","href":"https:\/\/api.w.org\/{rel}","templated":true}]}}