{"id":40964,"date":"2019-04-09T21:20:14","date_gmt":"2019-04-10T00:20:14","guid":{"rendered":"http:\/\/blogdoedvaldomagalhaes.com.br\/?p=40964"},"modified":"2019-04-09T21:20:18","modified_gmt":"2019-04-10T00:20:18","slug":"tony-gel-pede-ao-governo-credenciamento-de-novas-clinicas-de-nefrologia-em-caruaru","status":"publish","type":"post","link":"https:\/\/blogdoedvaldomagalhaes.com.br\/index.php\/2019\/04\/09\/tony-gel-pede-ao-governo-credenciamento-de-novas-clinicas-de-nefrologia-em-caruaru\/","title":{"rendered":"Tony Gel pede ao Governo credenciamento de novas cl\u00ednicas de nefrologia em Caruaru"},"content":{"rendered":"\n<p>QUEIXA&nbsp;\u2013 \u201cA \u00fanica cl\u00ednica credenciada do munic\u00edpio n\u00e3o consegue atender \u00e0 demanda de pacientes renais cr\u00f4nicos.\u201d <\/p>\n\n\n\n<p>O deputado&nbsp;Tony Gel&nbsp;(MDB) fez apelo ao Governo do Estado, na Reuni\u00e3o de Plen\u00e1ria desta ter\u00e7a (9), para que credencie novas cl\u00ednicas de nefrologia em Caruaru. De acordo com o parlamentar os pacientes com problemas renais cr\u00f4nicos que precisam de hemodi\u00e1lise ou at\u00e9 mesmo de transplante t\u00eam sofrido com a falta de locais para  atendimento<\/p>\n\n\n\n<p>Tony Gel explicou que, atualmente, o Governo do Estado tem conv\u00eanio com apenas uma cl\u00ednica especializada no munic\u00edpio, o que n\u00e3o tem sido suficiente \u201cMuitos pacientes recebem alta hospitalar e poderiam continuar tendo atendimento nessas unidades de sa\u00fade, mas acabam permanecendo no hospital porque a \u00fanica cl\u00ednica credenciada de Caruaru n\u00e3o consegue atender \u00e0 demanda\u201d, frisou.<\/p>\n\n\n\n<p>O Deputado afirmou que cerca de 40 pessoas est\u00e3o internadas no Hospital Regional do Agreste (HRA) aguardando senha, assim como h\u00e1 pacientes de Caruaru e regi\u00e3o tamb\u00e9m  internados em hospitais do Recife, por falta de vagas naquele munic\u00edpio do Agreste, para continuar o tratamento.<\/p>\n\n\n\n<p>Tony Gel disse reconhecer o esfor\u00e7o do Poder Executivo em prol da sa\u00fade do Estado, mas acredita ser poss\u00edvel melhorar a situa\u00e7\u00e3o dos pacientes renais.<\/p>\n","protected":false},"excerpt":{"rendered":"<p>QUEIXA&nbsp;\u2013 \u201cA \u00fanica cl\u00ednica credenciada do munic\u00edpio n\u00e3o consegue atender \u00e0 demanda de pacientes renais cr\u00f4nicos.\u201d O deputado&nbsp;Tony Gel&nbsp;(MDB) fez&hellip;<\/p>\n","protected":false},"author":1,"featured_media":40965,"comment_status":"closed","ping_status":"open","sticky":false,"template":"","format":"standard","meta":{"footnotes":""},"categories":[14122],"tags":[2,14908],"class_list":["post-40964","post","type-post","status-publish","format-standard","has-post-thumbnail","hentry","category-politica","tag-blog-do-edvaldo-magalhaes","tag-tony-gel-ao-pede-ao-governo-credenciamento-de-novas-clinicas-de-nefrologia-em-caruaru"],"_links":{"self":[{"href":"https:\/\/blogdoedvaldomagalhaes.com.br\/index.php\/wp-json\/wp\/v2\/posts\/40964","targetHints":{"allow":["GET"]}}],"collection":[{"href":"https:\/\/blogdoedvaldomagalhaes.com.br\/index.php\/wp-json\/wp\/v2\/posts"}],"about":[{"href":"https:\/\/blogdoedvaldomagalhaes.com.br\/index.php\/wp-json\/wp\/v2\/types\/post"}],"author":[{"embeddable":true,"href":"https:\/\/blogdoedvaldomagalhaes.com.br\/index.php\/wp-json\/wp\/v2\/users\/1"}],"replies":[{"embeddable":true,"href":"https:\/\/blogdoedvaldomagalhaes.com.br\/index.php\/wp-json\/wp\/v2\/comments?post=40964"}],"version-history":[{"count":1,"href":"https:\/\/blogdoedvaldomagalhaes.com.br\/index.php\/wp-json\/wp\/v2\/posts\/40964\/revisions"}],"predecessor-version":[{"id":40966,"href":"https:\/\/blogdoedvaldomagalhaes.com.br\/index.php\/wp-json\/wp\/v2\/posts\/40964\/revisions\/40966"}],"wp:featuredmedia":[{"embeddable":true,"href":"https:\/\/blogdoedvaldomagalhaes.com.br\/index.php\/wp-json\/wp\/v2\/media\/40965"}],"wp:attachment":[{"href":"https:\/\/blogdoedvaldomagalhaes.com.br\/index.php\/wp-json\/wp\/v2\/media?parent=40964"}],"wp:term":[{"taxonomy":"category","embeddable":true,"href":"https:\/\/blogdoedvaldomagalhaes.com.br\/index.php\/wp-json\/wp\/v2\/categories?post=40964"},{"taxonomy":"post_tag","embeddable":true,"href":"https:\/\/blogdoedvaldomagalhaes.com.br\/index.php\/wp-json\/wp\/v2\/tags?post=40964"}],"curies":[{"name":"wp","href":"https:\/\/api.w.org\/{rel}","templated":true}]}}