{"id":4096,"date":"2017-11-09T21:01:00","date_gmt":"2017-11-09T23:01:00","guid":{"rendered":"http:\/\/blogdoedvaldomagalhaes.com.br\/index.php\/2017\/11\/09\/caruaru-reestruturacao-de-terreno-na\/"},"modified":"2019-02-09T01:52:06","modified_gmt":"2019-02-09T03:52:06","slug":"caruaru-reestruturacao-de-terreno-na","status":"publish","type":"post","link":"https:\/\/blogdoedvaldomagalhaes.com.br\/index.php\/2017\/11\/09\/caruaru-reestruturacao-de-terreno-na\/","title":{"rendered":"Caruaru: reestrutura\u00e7\u00e3o de terreno na Feira da Sulanca ter\u00e1 R$ 2,5 milh\u00f5es"},"content":{"rendered":"<div class=\"separator\" style=\"clear: both; text-align: center;\">\n<a href=\"https:\/\/1.bp.blogspot.com\/-BMkEVJX5NCA\/WgTAQ-ZUaQI\/AAAAAAAAjyM\/bX3n4-TXUNMH-eSRo0Et7X3_w5WGd-wjACLcBGAs\/s1600\/fundac.jpg\" imageanchor=\"1\" style=\"margin-left: 1em; margin-right: 1em;\"><img loading=\"lazy\" decoding=\"async\" border=\"0\" data-original-height=\"1068\" data-original-width=\"1600\" height=\"266\" src=\"http:\/\/blogdoedvaldomagalhaes.com.br\/wp-content\/uploads\/2017\/11\/fundac.jpg\" width=\"400\" \/><\/a><\/div>\n<div class=\"MsoNormal\" style=\"line-height: 150%; text-align: justify;\">\n<\/div>\n<div class=\"MsoNormal\" style=\"line-height: 150%; text-align: justify;\">\nAssinado na manh\u00e3 desta quinta-feira<br \/>\n(9), um Termo de Compromisso entre a Prefeitura de Caruaru e a empresa Royal<br \/>\nBrasil, propriet\u00e1ria do terreno&nbsp;onde era a Fundac, para melhorias no local. A solenidade ocorreu<br \/>\nno Gabinete da Prefeitura e contou com representantes de entidades de classe,<br \/>\nvereadores, secret\u00e1rios, entre outras autoridades.<\/div>\n<div class=\"MsoNormal\" style=\"line-height: 150%; text-align: justify;\">\n<\/div>\n<div class=\"MsoNormal\" style=\"line-height: 150%; text-align: justify;\">\nAp\u00f3s<br \/>\na formaliza\u00e7\u00e3o da parceria, a prefeita Raquel Lyra convidou seu secretariado e<br \/>\na equipe que acompanhou o empres\u00e1rio Marcelo Lima para uma reuni\u00e3o de plano de<br \/>\ntrabalho e an\u00e1lise de um cronograma de a\u00e7\u00f5es para os 180 dias de obras no<br \/>\nterreno.&nbsp;&nbsp;<\/div>\n<div class=\"MsoNormal\" style=\"line-height: 150%; text-align: justify;\">\n<\/div>\n<div class=\"separator\" style=\"clear: both; text-align: center;\">\n<a href=\"https:\/\/3.bp.blogspot.com\/-SHfnHJJasL8\/WgTB85KPAcI\/AAAAAAAAjyY\/FdC0f-VJrDQ4xriW9oZjZ2NPE90g8MIdACLcBGAs\/s1600\/2%2Bfundac.jpg\" imageanchor=\"1\" style=\"margin-left: 1em; margin-right: 1em;\"><img loading=\"lazy\" decoding=\"async\" border=\"0\" data-original-height=\"1068\" data-original-width=\"1600\" height=\"266\" src=\"http:\/\/blogdoedvaldomagalhaes.com.br\/wp-content\/uploads\/2017\/11\/2fundac.jpg\" width=\"400\" \/><\/a><\/div>\n<div class=\"MsoNormal\" style=\"line-height: 150%; text-align: justify;\">\n<b><br \/><\/b><\/div>\n<div class=\"MsoNormal\" style=\"line-height: 150%; text-align: justify;\">\nO<br \/>\nprojeto de reestrutura\u00e7\u00e3o da \u201cFeira da Fundac\u201d \u00e9 da arquiteta caruaruense<br \/>\nKatarina Lino e a obra, que tem previs\u00e3o para ser iniciada no primeiro dia \u00fatil<br \/>\nde janeiro de 2018, est\u00e1 or\u00e7ada em aproximadamente R$ 2,5 millh\u00f5es. Ap\u00f3s o<br \/>\nin\u00edcio, o empres\u00e1rio Marcelo Lima estima que seja conclu\u00edda em 180 dias.<\/div>\n<div class=\"MsoNormal\" style=\"line-height: 150%; text-align: justify;\">\n<\/div>\n<div class=\"MsoNormal\" style=\"line-height: 150%; text-align: justify;\">\nFazem<br \/>\nparte do projeto dois camel\u00f3dromos com capacidade para 200 bancos, quatro<br \/>\nm\u00f3dulos de banheiro equipados com chuveiros, pra\u00e7a de alimenta\u00e7\u00e3o, vias com<br \/>\npisos intertravados, barracas padronizadas e seguran\u00e7a.&nbsp;&nbsp;&nbsp;&nbsp;\n<\/div>\n<div class=\"MsoNormal\" style=\"line-height: 150%; text-align: justify;\">\n<\/div>\n<div class=\"separator\" style=\"clear: both; text-align: center;\">\n<a href=\"https:\/\/3.bp.blogspot.com\/-m7V7Un98Eq8\/WgTCDq_DXKI\/AAAAAAAAjyc\/Dxhpk_Ci7vwxvFl6IeI-5ViYoZ86B1OowCLcBGAs\/s1600\/1%2Bfundac.jpg\" imageanchor=\"1\" style=\"margin-left: 1em; margin-right: 1em;\"><img loading=\"lazy\" decoding=\"async\" border=\"0\" data-original-height=\"1068\" data-original-width=\"1600\" height=\"266\" src=\"http:\/\/blogdoedvaldomagalhaes.com.br\/wp-content\/uploads\/2017\/11\/1fundac.jpg\" width=\"400\" \/><\/a><\/div>\n<div class=\"separator\" style=\"clear: both; text-align: center;\">\n<\/div>\n<div class=\"MsoNormal\" style=\"line-height: 150%; text-align: justify;\">\nAs<br \/>\nobras ser\u00e3o custeadas pela empresa propriet\u00e1ria do terreno, que tamb\u00e9m se<br \/>\ncomprometeu a manter os mesmos valores pagos atualmente pelos sulanqueiros.&nbsp; &nbsp;&nbsp;<\/div>\n","protected":false},"excerpt":{"rendered":"<p>Assinado na manh\u00e3 desta quinta-feira (9), um Termo de Compromisso entre a Prefeitura de Caruaru e a empresa Royal Brasil,&hellip;<\/p>\n","protected":false},"author":1,"featured_media":0,"comment_status":"open","ping_status":"open","sticky":false,"template":"","format":"standard","meta":{"footnotes":""},"categories":[1],"tags":[5001,2,5002,5003,5004,6],"class_list":["post-4096","post","type-post","status-publish","format-standard","hentry","category-sem-categoria","tag-5-milhoes","tag-blog-do-edvaldo-magalhaes","tag-caruaru-reestruturacao-de-terreno-na-feira-da-sulanca-tera-r-2","tag-katarina-lino","tag-marcelo-lima","tag-noticias"],"_links":{"self":[{"href":"https:\/\/blogdoedvaldomagalhaes.com.br\/index.php\/wp-json\/wp\/v2\/posts\/4096","targetHints":{"allow":["GET"]}}],"collection":[{"href":"https:\/\/blogdoedvaldomagalhaes.com.br\/index.php\/wp-json\/wp\/v2\/posts"}],"about":[{"href":"https:\/\/blogdoedvaldomagalhaes.com.br\/index.php\/wp-json\/wp\/v2\/types\/post"}],"author":[{"embeddable":true,"href":"https:\/\/blogdoedvaldomagalhaes.com.br\/index.php\/wp-json\/wp\/v2\/users\/1"}],"replies":[{"embeddable":true,"href":"https:\/\/blogdoedvaldomagalhaes.com.br\/index.php\/wp-json\/wp\/v2\/comments?post=4096"}],"version-history":[{"count":1,"href":"https:\/\/blogdoedvaldomagalhaes.com.br\/index.php\/wp-json\/wp\/v2\/posts\/4096\/revisions"}],"predecessor-version":[{"id":25999,"href":"https:\/\/blogdoedvaldomagalhaes.com.br\/index.php\/wp-json\/wp\/v2\/posts\/4096\/revisions\/25999"}],"wp:attachment":[{"href":"https:\/\/blogdoedvaldomagalhaes.com.br\/index.php\/wp-json\/wp\/v2\/media?parent=4096"}],"wp:term":[{"taxonomy":"category","embeddable":true,"href":"https:\/\/blogdoedvaldomagalhaes.com.br\/index.php\/wp-json\/wp\/v2\/categories?post=4096"},{"taxonomy":"post_tag","embeddable":true,"href":"https:\/\/blogdoedvaldomagalhaes.com.br\/index.php\/wp-json\/wp\/v2\/tags?post=4096"}],"curies":[{"name":"wp","href":"https:\/\/api.w.org\/{rel}","templated":true}]}}