{"id":40958,"date":"2019-04-09T20:35:08","date_gmt":"2019-04-09T23:35:08","guid":{"rendered":"http:\/\/blogdoedvaldomagalhaes.com.br\/?p=40958"},"modified":"2019-04-09T20:35:10","modified_gmt":"2019-04-09T23:35:10","slug":"servicos-gratuitos-de-fisioterapia-e-atendimento-de-odontologia-na-clinica-escola-da-uninassau","status":"publish","type":"post","link":"https:\/\/blogdoedvaldomagalhaes.com.br\/index.php\/2019\/04\/09\/servicos-gratuitos-de-fisioterapia-e-atendimento-de-odontologia-na-clinica-escola-da-uninassau\/","title":{"rendered":"Servi\u00e7os gratuitos de fisioterapia e atendimento de odontologia na Cl\u00ednica-Escola da Uninassau"},"content":{"rendered":"\n<p>As Cl\u00ednicas-Escola da \u00e1rea de sa\u00fade da\nFaculdade UNINASSAU Caruaru est\u00e3o ofertando a partir deste m\u00eas diversos\nservi\u00e7os gratuitos \u00e0 popula\u00e7\u00e3o da cidade e de munic\u00edpios circunvizinhos. Entre\nesses servi\u00e7os, est\u00e3o o da \u00e1rea de fisioterapia, que incluem traumato-ortopedia,\ngeriatria, reumatologia, dermatofuncional, urologia, ginecologia, obstetr\u00edcia,\npediatria, neurologia, cardiorrespirat\u00f3ria, pneumologia, vascular e aqu\u00e1tica.<\/p>\n\n\n\n<p>Dentro dessas \u00e1reas, est\u00e3o inclu\u00eddos\nprocedimentos para tratamento de crian\u00e7as com sequelas de microcefalia,\nparalisia cerebral, atraso do desenvolvimento motor, al\u00e9m do tratamento para\nquem teve sequelas de derrame (AVC). Problemas ortop\u00e9dicos, dores nas costas,\nh\u00e9rnia de disco, dores nos joelhos, tendinites, artroses e artrite tamb\u00e9m podem\nser tratados com o aux\u00edlio dos profissionais e estudantes. As mulheres que\npassam pelo pr\u00e9 e p\u00f3s-parto tamb\u00e9m podem contar com atividades da Cl\u00ednica. H\u00e1\nainda os servi\u00e7os para os que possuem asma, bronquite, enfisema, problemas\ncard\u00edacos, diabetes e incontin\u00eancia urin\u00e1ria.<\/p>\n\n\n\n<p>Para realizar as marca\u00e7\u00f5es, o paciente\ndever\u00e1 comparecer \u00e0 Cl\u00ednica (localizada no Bloco B da Faculdade) munido de\ndocumento de identifica\u00e7\u00e3o com foto e comprovante de resid\u00eancia para serem\napresentados na recep\u00e7\u00e3o. Os pacientes passar\u00e3o por uma triagem, antes da\nrealiza\u00e7\u00e3o dos atendimentos. O funcionamento \u00e9 das 8h ao meio-dia e das 14h \u00e0s\n18h.<\/p>\n\n\n\n<p>As Cl\u00ednicas foram inauguradas no\nprimeiro semestre de 2018, sendo utilizadas para aulas pr\u00e1ticas dos estudantes\ndos cursos de fisioterapia e odontologia da Faculdade. Esses dois cursos est\u00e3o\nsendo os primeiros a ofertar servi\u00e7os \u00e0 popula\u00e7\u00e3o. De acordo com o coordenador\ndas Cl\u00ednicas, Ricardo Siqueira, \u201ca cl\u00ednica tem como preceito a educa\u00e7\u00e3o do\naluno e a interdisciplinaridade entre o estudo realizado em sala de aula e nos\nlaborat\u00f3rios da unidade com os atendimentos, realizado pelos alunos \u00e0\ncomunidade\u201d.<\/p>\n","protected":false},"excerpt":{"rendered":"<p>As Cl\u00ednicas-Escola da \u00e1rea de sa\u00fade da Faculdade UNINASSAU Caruaru est\u00e3o ofertando a partir deste m\u00eas diversos servi\u00e7os gratuitos \u00e0&hellip;<\/p>\n","protected":false},"author":1,"featured_media":40959,"comment_status":"closed","ping_status":"open","sticky":false,"template":"","format":"standard","meta":{"footnotes":""},"categories":[14120],"tags":[2,14907],"class_list":["post-40958","post","type-post","status-publish","format-standard","has-post-thumbnail","hentry","category-noticias","tag-blog-do-edvaldo-magalhaes","tag-servicos-gratuitos-de-fisioterapia-e-atendimento-de-odontologia-na-clinica-escola-da-uninassau"],"_links":{"self":[{"href":"https:\/\/blogdoedvaldomagalhaes.com.br\/index.php\/wp-json\/wp\/v2\/posts\/40958","targetHints":{"allow":["GET"]}}],"collection":[{"href":"https:\/\/blogdoedvaldomagalhaes.com.br\/index.php\/wp-json\/wp\/v2\/posts"}],"about":[{"href":"https:\/\/blogdoedvaldomagalhaes.com.br\/index.php\/wp-json\/wp\/v2\/types\/post"}],"author":[{"embeddable":true,"href":"https:\/\/blogdoedvaldomagalhaes.com.br\/index.php\/wp-json\/wp\/v2\/users\/1"}],"replies":[{"embeddable":true,"href":"https:\/\/blogdoedvaldomagalhaes.com.br\/index.php\/wp-json\/wp\/v2\/comments?post=40958"}],"version-history":[{"count":1,"href":"https:\/\/blogdoedvaldomagalhaes.com.br\/index.php\/wp-json\/wp\/v2\/posts\/40958\/revisions"}],"predecessor-version":[{"id":40960,"href":"https:\/\/blogdoedvaldomagalhaes.com.br\/index.php\/wp-json\/wp\/v2\/posts\/40958\/revisions\/40960"}],"wp:featuredmedia":[{"embeddable":true,"href":"https:\/\/blogdoedvaldomagalhaes.com.br\/index.php\/wp-json\/wp\/v2\/media\/40959"}],"wp:attachment":[{"href":"https:\/\/blogdoedvaldomagalhaes.com.br\/index.php\/wp-json\/wp\/v2\/media?parent=40958"}],"wp:term":[{"taxonomy":"category","embeddable":true,"href":"https:\/\/blogdoedvaldomagalhaes.com.br\/index.php\/wp-json\/wp\/v2\/categories?post=40958"},{"taxonomy":"post_tag","embeddable":true,"href":"https:\/\/blogdoedvaldomagalhaes.com.br\/index.php\/wp-json\/wp\/v2\/tags?post=40958"}],"curies":[{"name":"wp","href":"https:\/\/api.w.org\/{rel}","templated":true}]}}